{"id":7990,"date":"2021-04-08T08:51:59","date_gmt":"2021-04-08T06:51:59","guid":{"rendered":"http:\/\/www.mladibl.com\/?p=7990"},"modified":"2021-04-08T08:52:01","modified_gmt":"2021-04-08T06:52:01","slug":"svjetski-dan-zdravlja-u-doba-pandemije-kljucno-postovanje-epidemioloskih-mjera","status":"publish","type":"post","link":"https:\/\/www.mladibl.com\/?p=7990","title":{"rendered":"Svjetski dan zdravlja u doba pandemije: Klju\u010dno po\u0161tovanje epidemiolo\u0161kih mjera"},"content":{"rendered":"\n<p>Grad Banja Luka pridru\u017euje se obilje\u017eavanju Svjetskog dana zdravlja svojom kampanjom \u201eDisciplinom do zdravlja\u201c, apeluju\u0107i na gra\u0111ane da samo zajedni\u010dkim radom i pridr\u017eavanjem mjera mo\u017eemo pomo\u0107i sebi, svojim bli\u017enjima, ali i zdravstvenim radnicima, koji su na prvim linijama borbe protiv pandemije virusa korona du\u017ee od godinu dana, a samim tim i na\u0161em zdravstvenom sistemu.<\/p>\n\n\n\n<p>O\u010duvanje zdravlja jedan je od na\u0161ih glavnih prioriteta, a ujedno i preduslov za sve druge oblike napretka, stoga \u0107e Grad Banja Luka ulo\u017eiti sve napore kako bi u ovim te\u0161kim vremenima pru\u017eio podr\u0161ku zdravstvenom sistemu i gra\u0111anima Banje Luke obezbijedio kvalitetniji pristup zdravstvenim uslugama.<\/p>\n\n\n\n<p>Povodom obilje\u017eavanja Svjetskog dana zdravlja u Univerzitetsko-klini\u010dkom centru Republike Srpske, Fabio Skano \u0161ef Kancelarije Svjetske zdravstvene organizacije ozvani\u010dio je po\u010detak ovogodi\u0161nje kampanje SZO-a pod nazivom \u201eIzgradnja pravednijeg, zdravijeg svijeta\u201c.<\/p>\n\n\n\n<p>Ovogodi\u0161njom kampanjom posebno je nagla\u0161eno ustavno na\u010delo SZO-a, koje ukazuje da je \u201eu\u017eivanje najvi\u0161eg mogu\u0107eg zdravstvenog standarda jedno od temeljnih prava svakog \u010dovjeka bez obzira na rasu, vjeru, politi\u010dko uvjerenje, ekonomski ili socijalni status\u201c.<\/p>\n\n\n\n<p>Doktor Skano je naglasio va\u017enost o\u010duvanja zdravlja, jer je to prvi preduslov ekonomskog i svakog drugog prosperiteta, te dodao da svjetska zdravstvena politika treba da te\u017ei jednoj antidiskriminatornoj praksi, koja \u0107e raditi na razvoju pravednijeg, finansijski odr\u017eivog i otpornijeg zdravstvenog sistema, koji bi bio dostupan, kvalitetan i jednako efikasan prema svima.<\/p>\n\n\n\n<p>Period krize izazvane pandemijom virusa korona stavio je na test sve svjetske zdravstvene sisteme. Svjetska zdravstvena kriza zapravo je pokazala sve anomalije zdravstvenih sistema \u0161irom svijeta, jer je evidentiran visok stepen nejednakosti po pitanju pristupa zdravstvenim uslugama.<\/p>\n\n\n\n<p>Podsje\u0107amo obilje\u017eavanje Svjetskog dana zdravlja zapo\u010deto je 1950. godine i svake godine fokusiran je na odre\u0111enu tematiku iz oblasti zdravlja.<\/p>\n\n\n\n<figure class=\"wp-block-image\"><img loading=\"lazy\" decoding=\"async\" width=\"800\" height=\"800\" src=\"http:\/\/www.mladibl.com\/wp-content\/uploads\/2021\/04\/Svjetski-dan-zdravlja-u-doba-pandemije_-Klju\u010dno-po\u0161tovanje-epidemiolo\u0161kih-mjera.jpg\" alt=\"\" class=\"wp-image-7991\" srcset=\"https:\/\/www.mladibl.com\/wp-content\/uploads\/2021\/04\/Svjetski-dan-zdravlja-u-doba-pandemije_-Klju\u010dno-po\u0161tovanje-epidemiolo\u0161kih-mjera.jpg 800w, https:\/\/www.mladibl.com\/wp-content\/uploads\/2021\/04\/Svjetski-dan-zdravlja-u-doba-pandemije_-Klju\u010dno-po\u0161tovanje-epidemiolo\u0161kih-mjera-150x150.jpg 150w, https:\/\/www.mladibl.com\/wp-content\/uploads\/2021\/04\/Svjetski-dan-zdravlja-u-doba-pandemije_-Klju\u010dno-po\u0161tovanje-epidemiolo\u0161kih-mjera-300x300.jpg 300w, https:\/\/www.mladibl.com\/wp-content\/uploads\/2021\/04\/Svjetski-dan-zdravlja-u-doba-pandemije_-Klju\u010dno-po\u0161tovanje-epidemiolo\u0161kih-mjera-768x768.jpg 768w\" sizes=\"auto, (max-width: 800px) 100vw, 800px\" \/><\/figure>\n\n\n\n<p>Preuzeto sa: <a href=\"https:\/\/www.banjaluka.rs.ba\/svjetski-dan-zdravlja-u-doba-pandemije\/\" target=\"_blank\" rel=\"noreferrer noopener\" aria-label=\"Grad Banja Luka (opens in a new tab)\">Grad Banja Luka<\/a><\/p>\n","protected":false},"excerpt":{"rendered":"<p>Grad Banja Luka pridru\u017euje se obilje\u017eavanju Svjetskog dana zdravlja svojom kampanjom \u201eDisciplinom do zdravlja\u201c, apeluju\u0107i na gra\u0111ane da samo zajedni\u010dkim<\/p>\n","protected":false},"author":1,"featured_media":7991,"comment_status":"closed","ping_status":"open","sticky":false,"template":"","format":"standard","meta":{"om_disable_all_campaigns":false,"_monsterinsights_skip_tracking":false,"_monsterinsights_sitenote_active":false,"_monsterinsights_sitenote_note":"","_monsterinsights_sitenote_category":0,"footnotes":""},"categories":[2],"tags":[53,4241,469,4240,488],"class_list":["post-7990","post","type-post","status-publish","format-standard","has-post-thumbnail","hentry","category-vijesti","tag-banja-luka","tag-epidemioloske-mjere","tag-pandemija","tag-postovnje","tag-svjetski-dan-zdravlja"],"jetpack_featured_media_url":"https:\/\/www.mladibl.com\/wp-content\/uploads\/2021\/04\/Svjetski-dan-zdravlja-u-doba-pandemije_-Klju\u010dno-po\u0161tovanje-epidemiolo\u0161kih-mjera.jpg","amp_enabled":true,"_links":{"self":[{"href":"https:\/\/www.mladibl.com\/index.php?rest_route=\/wp\/v2\/posts\/7990","targetHints":{"allow":["GET"]}}],"collection":[{"href":"https:\/\/www.mladibl.com\/index.php?rest_route=\/wp\/v2\/posts"}],"about":[{"href":"https:\/\/www.mladibl.com\/index.php?rest_route=\/wp\/v2\/types\/post"}],"author":[{"embeddable":true,"href":"https:\/\/www.mladibl.com\/index.php?rest_route=\/wp\/v2\/users\/1"}],"replies":[{"embeddable":true,"href":"https:\/\/www.mladibl.com\/index.php?rest_route=%2Fwp%2Fv2%2Fcomments&post=7990"}],"version-history":[{"count":1,"href":"https:\/\/www.mladibl.com\/index.php?rest_route=\/wp\/v2\/posts\/7990\/revisions"}],"predecessor-version":[{"id":7992,"href":"https:\/\/www.mladibl.com\/index.php?rest_route=\/wp\/v2\/posts\/7990\/revisions\/7992"}],"wp:featuredmedia":[{"embeddable":true,"href":"https:\/\/www.mladibl.com\/index.php?rest_route=\/wp\/v2\/media\/7991"}],"wp:attachment":[{"href":"https:\/\/www.mladibl.com\/index.php?rest_route=%2Fwp%2Fv2%2Fmedia&parent=7990"}],"wp:term":[{"taxonomy":"category","embeddable":true,"href":"https:\/\/www.mladibl.com\/index.php?rest_route=%2Fwp%2Fv2%2Fcategories&post=7990"},{"taxonomy":"post_tag","embeddable":true,"href":"https:\/\/www.mladibl.com\/index.php?rest_route=%2Fwp%2Fv2%2Ftags&post=7990"}],"curies":[{"name":"wp","href":"https:\/\/api.w.org\/{rel}","templated":true}]}}