{"id":7966,"date":"2021-04-07T09:24:15","date_gmt":"2021-04-07T07:24:15","guid":{"rendered":"http:\/\/www.mladibl.com\/?p=7966"},"modified":"2021-04-07T09:24:17","modified_gmt":"2021-04-07T07:24:17","slug":"radionica-o-pravima-mladih-u-bosni-i-hercegovini","status":"publish","type":"post","link":"https:\/\/www.mladibl.com\/?p=7966","title":{"rendered":"Radionica o pravima mladih u Bosni i Hercegovini"},"content":{"rendered":"\n<p>Pozdrav ekipa!<\/p>\n\n\n\n<p>Ovim putem Vas pozivamo na radionicu o pravima mladih u BiH. Razgovarat \u0107emo o postoje\u0107im strategijama za mlade i va\u017enosti istih, omladinskim politikama i zakonima koji se ti\u010du mladih ljudi i omladinskih organizacija.<\/p>\n\n\n\n<p>Govorit \u0107emo i o realnim problemima s kojima se mladi susre\u0107u u svojim lokalnim zajednicama i na koji na\u010din pobolj\u0161ati perspektivu za budu\u0107nost.<\/p>\n\n\n\n<p>Cilj nam je informirati Vas o osnovnim dokumentima koji se ti\u010du na\u0161ih prava i kako da budemo podr\u0161ka jedni drugima.<\/p>\n\n\n\n<p>Radionicu organiziraju mladi ljudi ispred inicijative You(th) are the Center uz mentorsku podr\u0161ku CEFE BiH. Prijavite se pomo\u0107u linka: <strong><a href=\"https:\/\/forms.gle\/Aw9JQ26RFzNSwHov9\" target=\"_blank\" rel=\"noreferrer noopener\" aria-label=\"https:\/\/forms.gle\/Aw9JQ26RFzNSwHov9 (opens in a new tab)\">https:\/\/forms.gle\/Aw9JQ26RFzNSwHov9<\/a><\/strong><\/p>\n\n\n\n<p>Vrijeme: 8. 4. 2021. u 18:00h<\/p>\n\n\n\n<p>VIDIMO SE! \ud83d\ude00<\/p>\n\n\n\n<p>Ovaj inicijativa je podr\u017eana je od strane #BHRI, IOM Bosnia and Herzegovina i USAID Bosnia and Herzegovina<\/p>\n\n\n\n<p>Preuzeto sa: <a href=\"https:\/\/www.instagram.com\/p\/CNTJWEfre-G\" target=\"_blank\" rel=\"noreferrer noopener\" aria-label=\"Instagram kojajetvojastrategija (opens in a new tab)\">Instagram kojajetvojastrategija<\/a><\/p>\n","protected":false},"excerpt":{"rendered":"<p>Pozdrav ekipa! Ovim putem Vas pozivamo na radionicu o pravima mladih u BiH. Razgovarat \u0107emo o postoje\u0107im strategijama za mlade<\/p>\n","protected":false},"author":1,"featured_media":7967,"comment_status":"closed","ping_status":"open","sticky":false,"template":"","format":"standard","meta":{"om_disable_all_campaigns":false,"_monsterinsights_skip_tracking":false,"_monsterinsights_sitenote_active":false,"_monsterinsights_sitenote_note":"","_monsterinsights_sitenote_category":0,"footnotes":""},"categories":[6],"tags":[860,33,23],"class_list":["post-7966","post","type-post","status-publish","format-standard","has-post-thumbnail","hentry","category-dogadjaji","tag-bosna-i-hercegovina","tag-mladi","tag-radionica"],"jetpack_featured_media_url":"https:\/\/www.mladibl.com\/wp-content\/uploads\/2021\/04\/Radionica-o-pravima-mladih-u-Bosni-i-Hercegovini.jpg","amp_enabled":true,"_links":{"self":[{"href":"https:\/\/www.mladibl.com\/index.php?rest_route=\/wp\/v2\/posts\/7966","targetHints":{"allow":["GET"]}}],"collection":[{"href":"https:\/\/www.mladibl.com\/index.php?rest_route=\/wp\/v2\/posts"}],"about":[{"href":"https:\/\/www.mladibl.com\/index.php?rest_route=\/wp\/v2\/types\/post"}],"author":[{"embeddable":true,"href":"https:\/\/www.mladibl.com\/index.php?rest_route=\/wp\/v2\/users\/1"}],"replies":[{"embeddable":true,"href":"https:\/\/www.mladibl.com\/index.php?rest_route=%2Fwp%2Fv2%2Fcomments&post=7966"}],"version-history":[{"count":1,"href":"https:\/\/www.mladibl.com\/index.php?rest_route=\/wp\/v2\/posts\/7966\/revisions"}],"predecessor-version":[{"id":7968,"href":"https:\/\/www.mladibl.com\/index.php?rest_route=\/wp\/v2\/posts\/7966\/revisions\/7968"}],"wp:featuredmedia":[{"embeddable":true,"href":"https:\/\/www.mladibl.com\/index.php?rest_route=\/wp\/v2\/media\/7967"}],"wp:attachment":[{"href":"https:\/\/www.mladibl.com\/index.php?rest_route=%2Fwp%2Fv2%2Fmedia&parent=7966"}],"wp:term":[{"taxonomy":"category","embeddable":true,"href":"https:\/\/www.mladibl.com\/index.php?rest_route=%2Fwp%2Fv2%2Fcategories&post=7966"},{"taxonomy":"post_tag","embeddable":true,"href":"https:\/\/www.mladibl.com\/index.php?rest_route=%2Fwp%2Fv2%2Ftags&post=7966"}],"curies":[{"name":"wp","href":"https:\/\/api.w.org\/{rel}","templated":true}]}}