{"id":7926,"date":"2021-04-06T00:09:33","date_gmt":"2021-04-05T22:09:33","guid":{"rendered":"http:\/\/www.mladibl.com\/?p=7926"},"modified":"2021-04-06T00:09:35","modified_gmt":"2021-04-05T22:09:35","slug":"radna-tijela-poziv-za-akreditacije-do-20-aprila","status":"publish","type":"post","link":"https:\/\/www.mladibl.com\/?p=7926","title":{"rendered":"Radna tijela \u2013 poziv za akreditacije do 20. aprila"},"content":{"rendered":"\n<p>Kolegijum Skup\u0161tine grada Banja Luka objavio je danas poziv za dodjelu akreditacije za u\u010de\u0161\u0107e u radu radnih tijela Skup\u0161tine grada Banja Luka.<\/p>\n\n\n\n<p>Javni poziv je otvoren 15 dana, a mogu se prijaviti nevladine organizacije, fondacije, sindikati i druga udru\u017eenja gra\u0111ana \u2013 registrovana u skladu sa zakonom.<\/p>\n\n\n\n<p>Akreditacija se dodjeljuje na godinu dana, za u\u010de\u0161\u0107e u radu konkretnog tijela za koje se tra\u017ei akreditacija.<\/p>\n\n\n\n<p>Kompletan javni poziv mo\u017eete preuzeti <strong><a href=\"https:\/\/www.banjaluka.rs.ba\/wp-content\/uploads\/2021\/04\/Javni-poziv-dodjela-akreditacije.pdf\" target=\"_blank\" rel=\"noreferrer noopener\" aria-label=\"ovdje (opens in a new tab)\">ovdje<\/a><\/strong>.<\/p>\n\n\n\n<p>Preuzeto sa: <a href=\"https:\/\/www.banjaluka.rs.ba\/radna-tijela-poziv-za-akreditacije\/\" target=\"_blank\" rel=\"noreferrer noopener\" aria-label=\"Grad Banja Luka (opens in a new tab)\">Grad Banja Luka<\/a><\/p>\n","protected":false},"excerpt":{"rendered":"<p>Kolegijum Skup\u0161tine grada Banja Luka objavio je danas poziv za dodjelu akreditacije za u\u010de\u0161\u0107e u radu radnih tijela Skup\u0161tine grada<\/p>\n","protected":false},"author":1,"featured_media":115,"comment_status":"closed","ping_status":"open","sticky":false,"template":"","format":"standard","meta":{"om_disable_all_campaigns":false,"_monsterinsights_skip_tracking":false,"_monsterinsights_sitenote_active":false,"_monsterinsights_sitenote_note":"","_monsterinsights_sitenote_category":0,"footnotes":""},"categories":[2],"tags":[4202,1645,27,355,3188],"class_list":["post-7926","post","type-post","status-publish","format-standard","has-post-thumbnail","hentry","category-vijesti","tag-akreditacije","tag-dodjela","tag-grad-banja-luka","tag-poziv","tag-radna-tijela"],"jetpack_featured_media_url":"https:\/\/www.mladibl.com\/wp-content\/uploads\/2019\/10\/grad-banja-luka.png","amp_enabled":true,"_links":{"self":[{"href":"https:\/\/www.mladibl.com\/index.php?rest_route=\/wp\/v2\/posts\/7926","targetHints":{"allow":["GET"]}}],"collection":[{"href":"https:\/\/www.mladibl.com\/index.php?rest_route=\/wp\/v2\/posts"}],"about":[{"href":"https:\/\/www.mladibl.com\/index.php?rest_route=\/wp\/v2\/types\/post"}],"author":[{"embeddable":true,"href":"https:\/\/www.mladibl.com\/index.php?rest_route=\/wp\/v2\/users\/1"}],"replies":[{"embeddable":true,"href":"https:\/\/www.mladibl.com\/index.php?rest_route=%2Fwp%2Fv2%2Fcomments&post=7926"}],"version-history":[{"count":1,"href":"https:\/\/www.mladibl.com\/index.php?rest_route=\/wp\/v2\/posts\/7926\/revisions"}],"predecessor-version":[{"id":7927,"href":"https:\/\/www.mladibl.com\/index.php?rest_route=\/wp\/v2\/posts\/7926\/revisions\/7927"}],"wp:featuredmedia":[{"embeddable":true,"href":"https:\/\/www.mladibl.com\/index.php?rest_route=\/wp\/v2\/media\/115"}],"wp:attachment":[{"href":"https:\/\/www.mladibl.com\/index.php?rest_route=%2Fwp%2Fv2%2Fmedia&parent=7926"}],"wp:term":[{"taxonomy":"category","embeddable":true,"href":"https:\/\/www.mladibl.com\/index.php?rest_route=%2Fwp%2Fv2%2Fcategories&post=7926"},{"taxonomy":"post_tag","embeddable":true,"href":"https:\/\/www.mladibl.com\/index.php?rest_route=%2Fwp%2Fv2%2Ftags&post=7926"}],"curies":[{"name":"wp","href":"https:\/\/api.w.org\/{rel}","templated":true}]}}