{"id":7923,"date":"2021-04-06T00:06:53","date_gmt":"2021-04-05T22:06:53","guid":{"rendered":"http:\/\/www.mladibl.com\/?p=7923"},"modified":"2021-04-06T00:06:55","modified_gmt":"2021-04-05T22:06:55","slug":"nastavak-sjednice-razmotrene-brojne-odluke-usaglasene-aprilske-nagrade","status":"publish","type":"post","link":"https:\/\/www.mladibl.com\/?p=7923","title":{"rendered":"Nastavak sjednice: Razmotrene brojne odluke, usagla\u0161ene aprilske nagrade"},"content":{"rendered":"\n<p>Odbornici Skup\u0161tine grada Banje Luke na dana\u0161njoj sjednici razmotrili su brojne zna\u010dajne odluke, me\u0111u kojima i ona kojom se umjesto dosada\u0161njih \u201ekand\u017ei\u201c za automobile koji su nepropisno parkirani, uvodi nova praksa kojom \u0107e voza\u010dima biti olak\u0161ana dosada\u0161nja komplikovana procedura u vezi sa deblokiranjem vozila.<\/p>\n\n\n\n<p>Gra\u0111anima je to i jednostavnije i povoljnije, prema rije\u010dima gradona\u010delnika Dra\u0161ka Stanivkukovi\u0107a \u2013 nego da se koriste kand\u017ee za automobile.<\/p>\n\n\n\n<p>Prema novoj odluci, kako je kazao \u2013 oni koji naprave ovu vrstu prekr\u0161aja ima\u0107e mogu\u0107nost da u roku od sedam dana kaznu plate duplo jeftinije za razliku od \u201ekand\u017ee\u201c za koju se pla\u0107ao pun iznos.<\/p>\n\n\n\n<p>Razmotrene su i odluke koje se odnose na utvr\u0111ivanje naziva ulica, poput nove ulice u naselju \u0160argovac koja \u0107e dobiti naziv Ulica \u0160argova\u010dkih \u0111aka, te vi\u0161e ulica u naseljima Ada i Motike.<\/p>\n\n\n\n<p>Po prvi put Banja Luka \u0107e da se zahvali porodici Gaji\u0107, jer je na inicijativu gradona\u010delnika Stanivukovi\u0107a, predvi\u0111eno da novo gradsko priznanje nosi naziv Plaketa \u201eSestre Gaji\u0107\u201c.<\/p>\n\n\n\n<p>Kako je kazao gradona\u010delnik, ova Plaketa \u0107e se dodjeljivati onim osobama koje u\u010dine najhumanije djelo i podvig.<\/p>\n\n\n\n<p>-Ta pri\u010da je sinonim toga da dok se borite za pronalazk lijeka za drugu djecu, a znate da va\u0161a djeca ne\u0107e do\u010dekati tu vrstu podr\u0161ke, to je ne\u0161to \u0161to je nadljudski napor i istrajnost \u2013 naveo je on.<\/p>\n\n\n\n<p>Gradona\u010delnik ka\u017ee da su se tokom dana\u0161njeg zasjedanja Skup\u0161tine usaglasili i u vezi sa dodjelom najve\u0107eg gradskog priznanja predsjedniku Republike Srbije, Aleksandru Vu\u010di\u0107u.<\/p>\n\n\n\n<p>Kako je navedeo,  postigunt je potpuni konsenzus i uop\u0161te, kako je ocijenio, resorna Komisija je jedinstveno radila.<\/p>\n\n\n\n<p>Prema prijedlozima za aprilske nagrade koji su danas razmatrani, djevoj\u010dica \u010dija je uloga u filmu \u201eDara iz Jasenovca\u201c dirnula mnoge \u2013 Biljana \u010ceki\u0107 dobitnik je nagrade Grada mladima.<\/p>\n\n\n\n<p>Razmotrena je i odluka o utvr\u0111ivanju osnovice za obra\u010dun rente, prema kojoj je prosje\u010dna kona\u010dna gra\u0111evinska cijena jednog kvadratnog metra korisne povr\u0161ine stambenog i poslovnog prostora na podru\u010dju grada u 2020. godini 922,40 KM\/m2 i ista \u0107e biti osnovica za obra\u010dun rente po zonama u 2021. godini. Naknadu za rentu pla\u0107aju pravna i fizi\u010dka lica koja, kao investitori grade trajne ili privremene objekte, ili vr\u0161e rekonstrukciju, dogradnju ili nadogradnju postoje\u0107ih objekata ili legalizaciju bespravno sagra\u0111enih objekata na gradskom gra\u0111evinskom zemlji\u0161tu.<\/p>\n\n\n\n<p>Odbornici su razmatrali i odluku o vrijednosti boda za obra\u010dun komunalne naknade za 2021. godinu, koja je predlo\u017eena za stambeni prostor u iznosu od 0.00034 KM, a za poslovni prostor u iznosu od 0,0008 KM.<\/p>\n\n\n\n<p>Odlukom o dodjeli javnih povr\u0161ina radi privremenog zauzimanja JU Turisti\u010dkoj organizaciji grada Banja Luka, koja je tako\u0111e danas bila pred odbornicima, stekli su se uslovi za uvo\u0111enje besplatanog interneta u centru grada.<\/p>\n\n\n\n<p>Osim besplatnog interneta, gra\u0111ani Banje Luke dobi\u0107e i dodatna dva siti lajta za promociju turisti\u010dkog sadr\u017eaja grada koji doprinosi modernizaciji i oplemenjivanju javnih povr\u0161ina u Banjoj Luci, a planirano je i postavljanje prvog defilibratora u BiH.<\/p>\n\n\n\n<p>Tako\u0111e, na dana\u0161njem dnevnom redu bilo je vi\u0161e informacija o pro\u0161logodi\u0161njim aktivnostima u kulturnoj djelatnosti, o stanju i razvoju turizma, o aktivnostima udru\u017eenja gra\u0111ana, te o aktivnostima udru\u017eenja koja okupljaju pripadnike nacionalnih manjina, crkava i vjerskih zajednica, kao i vi\u0161e dokumenata iz oblasti prostornog ure\u0111enja, te odluka o produ\u017eenju perioda zakupa pod posebnim uslovima za vi\u0161e udru\u017eenja gra\u0111ana.<\/p>\n\n\n\n<p>Gradski parlament nastavi\u0107e sa radom sutra, 6. aprila u 9.00 \u010dasova, kada \u0107e biti i glasanje o svim razmotrenim ta\u010dkama dnevnog reda.<\/p>\n\n\n\n<p>Preuzeto sa: <a href=\"https:\/\/www.banjaluka.rs.ba\/nastavak-sjednice-razmotrene-brojne-odluke\/\" target=\"_blank\" rel=\"noreferrer noopener\" aria-label=\"Grad Banja Luka (opens in a new tab)\">Grad Banja Luka<\/a><\/p>\n","protected":false},"excerpt":{"rendered":"<p>Odbornici Skup\u0161tine grada Banje Luke na dana\u0161njoj sjednici razmotrili su brojne zna\u010dajne odluke, me\u0111u kojima i ona kojom se umjesto<\/p>\n","protected":false},"author":1,"featured_media":7924,"comment_status":"closed","ping_status":"open","sticky":false,"template":"","format":"standard","meta":{"om_disable_all_campaigns":false,"_monsterinsights_skip_tracking":false,"_monsterinsights_sitenote_active":false,"_monsterinsights_sitenote_note":"","_monsterinsights_sitenote_category":0,"footnotes":""},"categories":[2],"tags":[53,3115,1974,471],"class_list":["post-7923","post","type-post","status-publish","format-standard","has-post-thumbnail","hentry","category-vijesti","tag-banja-luka","tag-nastavak","tag-sjednica","tag-skupstina-grada"],"jetpack_featured_media_url":"https:\/\/www.mladibl.com\/wp-content\/uploads\/2021\/04\/Nastavak-sjednice_-Razmotrene-brojne-odluke-usagla\u0161ene-aprilske-nagrade.jpg","amp_enabled":true,"_links":{"self":[{"href":"https:\/\/www.mladibl.com\/index.php?rest_route=\/wp\/v2\/posts\/7923","targetHints":{"allow":["GET"]}}],"collection":[{"href":"https:\/\/www.mladibl.com\/index.php?rest_route=\/wp\/v2\/posts"}],"about":[{"href":"https:\/\/www.mladibl.com\/index.php?rest_route=\/wp\/v2\/types\/post"}],"author":[{"embeddable":true,"href":"https:\/\/www.mladibl.com\/index.php?rest_route=\/wp\/v2\/users\/1"}],"replies":[{"embeddable":true,"href":"https:\/\/www.mladibl.com\/index.php?rest_route=%2Fwp%2Fv2%2Fcomments&post=7923"}],"version-history":[{"count":1,"href":"https:\/\/www.mladibl.com\/index.php?rest_route=\/wp\/v2\/posts\/7923\/revisions"}],"predecessor-version":[{"id":7925,"href":"https:\/\/www.mladibl.com\/index.php?rest_route=\/wp\/v2\/posts\/7923\/revisions\/7925"}],"wp:featuredmedia":[{"embeddable":true,"href":"https:\/\/www.mladibl.com\/index.php?rest_route=\/wp\/v2\/media\/7924"}],"wp:attachment":[{"href":"https:\/\/www.mladibl.com\/index.php?rest_route=%2Fwp%2Fv2%2Fmedia&parent=7923"}],"wp:term":[{"taxonomy":"category","embeddable":true,"href":"https:\/\/www.mladibl.com\/index.php?rest_route=%2Fwp%2Fv2%2Fcategories&post=7923"},{"taxonomy":"post_tag","embeddable":true,"href":"https:\/\/www.mladibl.com\/index.php?rest_route=%2Fwp%2Fv2%2Ftags&post=7923"}],"curies":[{"name":"wp","href":"https:\/\/api.w.org\/{rel}","templated":true}]}}