{"id":7898,"date":"2021-04-05T01:09:47","date_gmt":"2021-04-04T23:09:47","guid":{"rendered":"http:\/\/www.mladibl.com\/?p=7898"},"modified":"2021-04-05T01:11:01","modified_gmt":"2021-04-04T23:11:01","slug":"dnevnicki-zapisi-ane-risovic-obronci-duse","status":"publish","type":"post","link":"https:\/\/www.mladibl.com\/?p=7898","title":{"rendered":"Dnevni\u010dki zapisi Ane Risovi\u0107: &#8220;Obronci du\u0161e&#8221;"},"content":{"rendered":"\n<p><em>Pripremila: Mihaela Amid\u017ei\u0107<\/em><\/p>\n\n\n\n<p>&#8220;Pri\u010de prate moje promjene, kako stilske, tako i promjene li\u010dnosti i razmi\u0161ljanja. U svakom radu sam ostavila dio sebe, svoje emocije i strahove. Volim da ka\u017eem dijelove sebe i svoje du\u0161e. Kada se to sve spoji sa mojom ljubavlju prema prirodi i simboli\u010dnoj \u017eelji za osvajanjem novih vrhova, nastao je i naziv &#8220;Obronci du\u0161e&#8221;&#8221;, ka\u017ee  Ana Risovi\u0107, dvadesetjednogodi\u0161nja djevojka iz Ribnika, koja je pro\u0161le godine izdala svoju prvu knjigu u izdanju Kulturno \u2013 izdava\u010dkog centra &#8220;Srpska ku\u0107a&#8221; iz Po\u017earevca.<\/p>\n\n\n\n<figure class=\"wp-block-image\"><img loading=\"lazy\" decoding=\"async\" width=\"800\" height=\"584\" src=\"http:\/\/www.mladibl.com\/wp-content\/uploads\/2021\/04\/Dnevni\u010dki-zapisi-Ane-Risovi\u0107_-_Obronci-du\u0161e_-4.jpg\" alt=\"\" class=\"wp-image-7900\" srcset=\"https:\/\/www.mladibl.com\/wp-content\/uploads\/2021\/04\/Dnevni\u010dki-zapisi-Ane-Risovi\u0107_-_Obronci-du\u0161e_-4.jpg 800w, https:\/\/www.mladibl.com\/wp-content\/uploads\/2021\/04\/Dnevni\u010dki-zapisi-Ane-Risovi\u0107_-_Obronci-du\u0161e_-4-300x219.jpg 300w, https:\/\/www.mladibl.com\/wp-content\/uploads\/2021\/04\/Dnevni\u010dki-zapisi-Ane-Risovi\u0107_-_Obronci-du\u0161e_-4-768x561.jpg 768w\" sizes=\"auto, (max-width: 800px) 100vw, 800px\" \/><\/figure>\n\n\n\n<p>U knjizi su sabrane pri\u010de koje je Ana pisala od svoje petnaeste godine pa sve do samog objavljivanja. Kako mlada autorka ka\u017ee, knjiga je podsjetnik na emocionalno stanje koje nikada vi\u0161e ne \u017eeli sebi da dozvoli, a inspiraciju za svoje teme je nalazila  u svakodnevnom \u017eivotu.<\/p>\n\n\n\n<p>&#8220;Imaju\u0107i u vidu da sam se borila sa vlastitim te\u0161kim emocijama, moju punu pa\u017enju su imale te\u0161ke sudbine, obi\u010dno, meni nepoznatih ljudi. Gubici voljenih osoba, gubljenje sebe, lutanje. Rijetko su to do\u017eivljaji \u010diji sam akter bila i sama. Ono \u0161to je sigurno, bili su obojeni veoma te\u0161kim emocijama, jer je pisanje bilo moj vid izra\u017eavanja istih&#8221;, ka\u017ee ona.<\/p>\n\n\n\n<p>Ana govori kako, tokom stvaranja, misli i slike dolaze same od sebe. Prirodu i no\u0107 bira kao mjesto radnje, gdje pronalazi nadahnu\u0107e.<\/p>\n\n\n\n<figure class=\"wp-block-image\"><img loading=\"lazy\" decoding=\"async\" width=\"800\" height=\"601\" src=\"http:\/\/www.mladibl.com\/wp-content\/uploads\/2021\/04\/Dnevni\u010dki-zapisi-Ane-Risovi\u0107_-_Obronci-du\u0161e_-2.jpg\" alt=\"\" class=\"wp-image-7901\" srcset=\"https:\/\/www.mladibl.com\/wp-content\/uploads\/2021\/04\/Dnevni\u010dki-zapisi-Ane-Risovi\u0107_-_Obronci-du\u0161e_-2.jpg 800w, https:\/\/www.mladibl.com\/wp-content\/uploads\/2021\/04\/Dnevni\u010dki-zapisi-Ane-Risovi\u0107_-_Obronci-du\u0161e_-2-300x225.jpg 300w, https:\/\/www.mladibl.com\/wp-content\/uploads\/2021\/04\/Dnevni\u010dki-zapisi-Ane-Risovi\u0107_-_Obronci-du\u0161e_-2-768x577.jpg 768w\" sizes=\"auto, (max-width: 800px) 100vw, 800px\" \/><\/figure>\n\n\n\n<p>&#8220;Inspiracija je za mene jedno vrlo \u010dudno stanje uma i tijela. Ugasi se sve oko vas i iz nekog bi\u0107a ili du\u0161e, naviru rije\u010di. Kao da postanete neko drugi dok stvarate. U najve\u0107em broju slu\u010dajeva, inspiracija je dolazila u gluvo doba no\u0107i, kada sam bila sama sa sobom. U tim trenucima sam  bila u mogu\u0107nosti da \u010dujem sebe, \u0161to je danas rijetkost. Pored no\u0107i, tu je i moj najbolji prijatelj i velika ljubav &#8211; priroda. U prirodi pronalazim potpuni mir i podstaknuta prelijepim prizorima, imam potrebu da tu ljepotu i osje\u0107aj slobode zape\u010datim rije\u010dima&#8221;, dodaje ona.<\/p>\n\n\n\n<p>Odmalena je voljela da pi\u0161e. U osnovoj \u0161koli, prisje\u0107a se, nastavnici su joj ukazali kako prirodu posmatra na ne\u0161to druga\u010diji na\u010din. U srednjoj, svijet po\u010dinje da gleda iz potpuno druga\u010dijeg ugla, a iskrenost u njenim radovima je prisutna i ogleda se kroz emociju koju nose.<\/p>\n\n\n\n<p>&#8220;Ljudi koji su upoznati u ono o \u010demu pi\u0161em, znali su mi re\u0107i da, o kojoj god temi pisala, postoji u meni specifi\u010dna emocija. Sve \u0161to napi\u0161em, pro\u017eivim. Svaka rije\u010d koja postane dio rada je prije toga bila sinteza emocije i misli&#8221;, govori.<\/p>\n\n\n\n<p>Ana priznaje da je neko ko je prerano odrastao. Jo\u0161 kao djevoj\u010dica, po\u010dela je da razmi\u0161lja o stvarima koje nisu karakteristi\u010dne za taj period djetinjstva. Dodaje kako pripada onoj grupi ljudi koji vjeruju da se sve de\u0161ava sa razlogom, pa tako i doga\u0111aji koji ubrzaju na\u0161e odrastanje. <\/p>\n\n\n\n<p>&#8220;To i jeste razlog za\u0161to su ti radovi uvr\u0161teni u knjigu. \u017delim da mi uvijek budu podsjetnik  da sam uspjela  izboriti se sa svim \u0161to mi je \u017eivot donio i uz to postala samo ja\u010da i bolja verzija sebe&#8221;, ka\u017ee Ana Risovi\u0107.<\/p>\n\n\n\n<p>&#8220;Vjerujem u sebe&#8221;, &#8220;Tamo gore, iznad oblaka&#8221;, &#8220;\u017dena sa medom u zagrljaju&#8221;, &#8220;Napu\u0161tena ognji\u0161ta&#8221;, &#8220;Oni koji odlaze&#8221;, &#8220;\u017divot je pri\u010da koju idiot pri\u010da, puna buke i bijesa, a ne zna\u010di ni\u0161ta&#8221;, ovo su samo neki od naslova koje je Ana objedinila u svojoj knjizi, a koja se prote\u017ee na 65 stranica. Plan joj je da u budu\u0107nosti objavi knjigu potpuno druga\u010dijeg koncepta i potpuno druga\u010dijih emocija. Dodaje kako primje\u0107uje promjene u svom odnosu prema pisanju od po\u010detka do sada.<\/p>\n\n\n\n<p>&#8220;Kada pogledam svoje po\u010detke i uporedim ih sa radovima od prije nekoliko mjeseci, razlika je enormna. Krenuv\u0161i od stila pisanja, fokusa misli, pa do same zrelosti mi\u0161ljenja. To je znak da moje pisanje zaista proizilazi iz moje du\u0161e, te da se mijenja zajedno s njom&#8221;, govori ona.<\/p>\n\n\n\n<figure class=\"wp-block-image\"><img loading=\"lazy\" decoding=\"async\" width=\"800\" height=\"600\" src=\"http:\/\/www.mladibl.com\/wp-content\/uploads\/2021\/04\/Dnevni\u010dki-zapisi-Ane-Risovi\u0107_-_Obronci-du\u0161e_-3.jpg\" alt=\"\" class=\"wp-image-7902\" srcset=\"https:\/\/www.mladibl.com\/wp-content\/uploads\/2021\/04\/Dnevni\u010dki-zapisi-Ane-Risovi\u0107_-_Obronci-du\u0161e_-3.jpg 800w, https:\/\/www.mladibl.com\/wp-content\/uploads\/2021\/04\/Dnevni\u010dki-zapisi-Ane-Risovi\u0107_-_Obronci-du\u0161e_-3-300x225.jpg 300w, https:\/\/www.mladibl.com\/wp-content\/uploads\/2021\/04\/Dnevni\u010dki-zapisi-Ane-Risovi\u0107_-_Obronci-du\u0161e_-3-768x576.jpg 768w\" sizes=\"auto, (max-width: 800px) 100vw, 800px\" \/><\/figure>\n\n\n\n<p><strong>Mladim ljudima koji se bore sa te\u0161kim momentima u \u017eivotu, Ana svojim pri\u010dama \u0161alje podr\u0161ku i smatra kako svako mo\u017ee da prona\u0111e neki segment svoje li\u010dnosti u njenoj knjizi. <\/strong><\/p>\n\n\n\n<p>&#8220;Vjerujem da svako od nas ima borbe koje vodi i mo\u017ee da se poistovijeti sa nekim emocijama koje su opisane. Me\u0111utim, ono \u0161to \u017eelim da knjiga predstavlja svima jeste podsjetnik da sve mo\u017ee da se prebrodi ukoliko, prije svega, radimo na sebi i upoznajemo sebe. Kada budemo dovoljno dobri sami u svojim o\u010dima i sam svijet \u0107e nam postati takav&#8221;, zaklju\u010duje.<\/p>\n\n\n\n<p>Pored pisanja, njeni hobiji su planinarenje, tango i \u0161minkanje. Govori kako je za\u0161la pomalo i u svijet novinarstva, a za studije psihologije odlu\u010dila se ba\u0161 iz borbe sa samom sobom i te\u0161kim emocijama. Na pitanje \u0161ta je ohrabrije, a \u0161ta pla\u0161i, Ana odgovara:<\/p>\n\n\n\n<blockquote class=\"wp-block-quote is-layout-flow wp-block-quote-is-layout-flow\"><p>&#8220;Ohrabruje me rad, napredak, uspjeh ljudi koje volim i koji su vrlo podsticajno okru\u017eenje, dok me od svega najvi\u0161e pla\u0161i da \u0107u biti sprije\u010dena da u \u017eivotu uradim sve \u0161to sam zamislila&#8221;.<\/p><\/blockquote>\n\n\n\n<p>Za kraj razgovora, Ana dijeli sa nama svoj omiljeni citat iz svoje prve objavljene knjige \u201eObronci du\u0161e\u201c.<\/p>\n\n\n\n<p><strong><em>&#8220;Mi, \u010desto se skrivamo\u2026Zar ne?<br>A mjese\u010dev sjaj? On se vidi i skriven, iza drve\u0107a, ispod oblaka, u sun\u010devom sjaju.<br>Sakrili ste se od sebe, a svi drugi vas vide.<br>Sljede\u0107i put se poka\u017eite sebi, svijetu ostavite samo trag.<br>Nekako, zauvijek jedino imate sebe\u2026&#8221;<\/em><\/strong><\/p>\n\n\n\n<p>Na Instagram nalogu <strong><a href=\"https:\/\/www.instagram.com\/sazvijezdje_sanjara\/\" target=\"_blank\" rel=\"noreferrer noopener\" aria-label=\"sazvijezdje_sanjara (opens in a new tab)\">sazvijezdje_sanjara<\/a><\/strong>, mo\u017eete pratiti pisanje ove mlade talentovane djevojke.<\/p>\n","protected":false},"excerpt":{"rendered":"<p>Pripremila: Mihaela Amid\u017ei\u0107 &#8220;Pri\u010de prate moje promjene, kako stilske, tako i promjene li\u010dnosti i razmi\u0161ljanja. U svakom radu sam ostavila<\/p>\n","protected":false},"author":1,"featured_media":7899,"comment_status":"closed","ping_status":"open","sticky":false,"template":"","format":"standard","meta":{"om_disable_all_campaigns":false,"_monsterinsights_skip_tracking":false,"_monsterinsights_sitenote_active":false,"_monsterinsights_sitenote_note":"","_monsterinsights_sitenote_category":0,"footnotes":""},"categories":[370],"tags":[4193,4192,2043,4194],"class_list":["post-7898","post","type-post","status-publish","format-standard","has-post-thumbnail","hentry","category-ostalo","tag-ana-risovic","tag-dnevnicki-zapisi","tag-mihaela-amidzic","tag-obronci-duse"],"jetpack_featured_media_url":"https:\/\/www.mladibl.com\/wp-content\/uploads\/2021\/04\/Dnevni\u010dki-zapisi-Ane-Risovi\u0107_-_Obronci-du\u0161e_.jpg","amp_enabled":true,"_links":{"self":[{"href":"https:\/\/www.mladibl.com\/index.php?rest_route=\/wp\/v2\/posts\/7898","targetHints":{"allow":["GET"]}}],"collection":[{"href":"https:\/\/www.mladibl.com\/index.php?rest_route=\/wp\/v2\/posts"}],"about":[{"href":"https:\/\/www.mladibl.com\/index.php?rest_route=\/wp\/v2\/types\/post"}],"author":[{"embeddable":true,"href":"https:\/\/www.mladibl.com\/index.php?rest_route=\/wp\/v2\/users\/1"}],"replies":[{"embeddable":true,"href":"https:\/\/www.mladibl.com\/index.php?rest_route=%2Fwp%2Fv2%2Fcomments&post=7898"}],"version-history":[{"count":2,"href":"https:\/\/www.mladibl.com\/index.php?rest_route=\/wp\/v2\/posts\/7898\/revisions"}],"predecessor-version":[{"id":7904,"href":"https:\/\/www.mladibl.com\/index.php?rest_route=\/wp\/v2\/posts\/7898\/revisions\/7904"}],"wp:featuredmedia":[{"embeddable":true,"href":"https:\/\/www.mladibl.com\/index.php?rest_route=\/wp\/v2\/media\/7899"}],"wp:attachment":[{"href":"https:\/\/www.mladibl.com\/index.php?rest_route=%2Fwp%2Fv2%2Fmedia&parent=7898"}],"wp:term":[{"taxonomy":"category","embeddable":true,"href":"https:\/\/www.mladibl.com\/index.php?rest_route=%2Fwp%2Fv2%2Fcategories&post=7898"},{"taxonomy":"post_tag","embeddable":true,"href":"https:\/\/www.mladibl.com\/index.php?rest_route=%2Fwp%2Fv2%2Ftags&post=7898"}],"curies":[{"name":"wp","href":"https:\/\/api.w.org\/{rel}","templated":true}]}}