{"id":7871,"date":"2021-04-05T00:03:38","date_gmt":"2021-04-04T22:03:38","guid":{"rendered":"http:\/\/www.mladibl.com\/?p=7871"},"modified":"2021-04-05T00:13:58","modified_gmt":"2021-04-04T22:13:58","slug":"besplatan-bazen-i-kuglana-za-korisnike-dnevnog-centra-za-maloljetnike","status":"publish","type":"post","link":"https:\/\/www.mladibl.com\/?p=7871","title":{"rendered":"Besplatan bazen i kuglana za korisnike Dnevnog centra za maloljetnike"},"content":{"rendered":"\n<p>Grad Banja Luka omogu\u0107i\u0107e besplatno kori\u0161tenje Gradskog olimpijskog bazena i kuglane korisnicima Dnevnog centra za maloljetnike.<\/p>\n\n\n\n<p>-Podr\u017eali smo ove inicijative Centra za socijalni rad, jer je rije\u010d o korisnicima Dnevnog centra kojim se kroz brojne i raznovrsne aktivnosti nastoji obogatiti kvalitet njihovih \u017eivota, odnosno pru\u017eiti podr\u0161ka u cilju rje\u0161avanja problema koje imaju \u2013 naveli su iz Odjeljenja za kulturu, turizam i socijalnu politiku.<\/p>\n\n\n\n<p>Precizirali su da \u0107e \u201eAkvana\u201c obezbijediti kori\u0161tenje bazena dva puta sedmi\u010dno, a SC \u201eBorik\u201c kuglane u jednom terminu tokom sedmice.<\/p>\n\n\n\n<p>Preuzeto sa: <a href=\"https:\/\/www.banjaluka.rs.ba\/besplatan-bazen-i-kuglana-za-korisnike-dnevnog-centra\/\" target=\"_blank\" rel=\"noreferrer noopener\" aria-label=\"Grad Banja Luka (opens in a new tab)\">Grad Banja Luka<\/a><\/p>\n","protected":false},"excerpt":{"rendered":"<p>Grad Banja Luka omogu\u0107i\u0107e besplatno kori\u0161tenje Gradskog olimpijskog bazena i kuglane korisnicima Dnevnog centra za maloljetnike. -Podr\u017eali smo ove inicijative<\/p>\n","protected":false},"author":1,"featured_media":115,"comment_status":"closed","ping_status":"open","sticky":false,"template":"","format":"standard","meta":{"om_disable_all_campaigns":false,"_monsterinsights_skip_tracking":false,"_monsterinsights_sitenote_active":false,"_monsterinsights_sitenote_note":"","_monsterinsights_sitenote_category":0,"footnotes":""},"categories":[2],"tags":[4182,2611,4184,27,1956,4183,4185],"class_list":["post-7871","post","type-post","status-publish","format-standard","has-post-thumbnail","hentry","category-vijesti","tag-bazen","tag-besplatan","tag-dnevni-centar","tag-grad-banja-luka","tag-korisnici","tag-kuglana","tag-maloljetnici"],"jetpack_featured_media_url":"https:\/\/www.mladibl.com\/wp-content\/uploads\/2019\/10\/grad-banja-luka.png","amp_enabled":true,"_links":{"self":[{"href":"https:\/\/www.mladibl.com\/index.php?rest_route=\/wp\/v2\/posts\/7871","targetHints":{"allow":["GET"]}}],"collection":[{"href":"https:\/\/www.mladibl.com\/index.php?rest_route=\/wp\/v2\/posts"}],"about":[{"href":"https:\/\/www.mladibl.com\/index.php?rest_route=\/wp\/v2\/types\/post"}],"author":[{"embeddable":true,"href":"https:\/\/www.mladibl.com\/index.php?rest_route=\/wp\/v2\/users\/1"}],"replies":[{"embeddable":true,"href":"https:\/\/www.mladibl.com\/index.php?rest_route=%2Fwp%2Fv2%2Fcomments&post=7871"}],"version-history":[{"count":1,"href":"https:\/\/www.mladibl.com\/index.php?rest_route=\/wp\/v2\/posts\/7871\/revisions"}],"predecessor-version":[{"id":7872,"href":"https:\/\/www.mladibl.com\/index.php?rest_route=\/wp\/v2\/posts\/7871\/revisions\/7872"}],"wp:featuredmedia":[{"embeddable":true,"href":"https:\/\/www.mladibl.com\/index.php?rest_route=\/wp\/v2\/media\/115"}],"wp:attachment":[{"href":"https:\/\/www.mladibl.com\/index.php?rest_route=%2Fwp%2Fv2%2Fmedia&parent=7871"}],"wp:term":[{"taxonomy":"category","embeddable":true,"href":"https:\/\/www.mladibl.com\/index.php?rest_route=%2Fwp%2Fv2%2Fcategories&post=7871"},{"taxonomy":"post_tag","embeddable":true,"href":"https:\/\/www.mladibl.com\/index.php?rest_route=%2Fwp%2Fv2%2Ftags&post=7871"}],"curies":[{"name":"wp","href":"https:\/\/api.w.org\/{rel}","templated":true}]}}