{"id":7798,"date":"2021-04-02T08:41:32","date_gmt":"2021-04-02T06:41:32","guid":{"rendered":"http:\/\/www.mladibl.com\/?p=7798"},"modified":"2021-04-02T08:42:46","modified_gmt":"2021-04-02T06:42:46","slug":"kampanja-eyid2021-pazi-na-moj-um-mindmymind","status":"publish","type":"post","link":"https:\/\/www.mladibl.com\/?p=7798","title":{"rendered":"Kampanja #EYID2021: Pazi na moj um #mindmymind"},"content":{"rendered":"\n<p>OTKRIJTE SVOJE UNUTRA\u0160NJE JA. GOVORI GLASNIJE.<\/p>\n\n\n\n<p>\u0160ta je Evropski dan informisanja mladih?<\/p>\n\n\n\n<p>17. aprila, ERYICA, zajedno sa organizacijama \u010dlanicama slavi Evropski dan informisanja mladih i ro\u0111endan ERYICA \u0161irom Evrope.<\/p>\n\n\n\n<p>Evropski dan informisanja mladih posebna je prilika za podizanje svijesti o pravu mladih na pristup punim i pouzdanim informacijama i prepoznavanje rada omladinskih informativnih radnika.<\/p>\n\n\n\n<p>EYID 2021<\/p>\n\n\n\n<p>2020. je bila godina puna izazova. \u010citav svijet je bio prisiljen da se prilagodi novoj stvarnosti u kojoj su online (internet) okupljanja, maske i socijalna distanca postali nova norma. Kompanije su pre\u0161le iz neposredne u rad na daljinu, \u0161kole su zapo\u010dele digitalnu transformaciju, a \u010dini se da su putovanja bila posljednji prioritet na na\u0161oj listi. Zna\u010dajne promjene dogodile su se mahnitim tempom. Promjene koje nisu ostavile prostora za adaptaciju; prostora da se bude svjestan situacije i s tim povezanih posljedica, \u0161to je dovelo do klime straha i neizvjesnosti.<\/p>\n\n\n\n<p>Zbog situacije, mentalno zdravlje je postalo manje tabu, i sve vi\u0161e ponavljana tema razgovora u profesionalnoj i privatnoj sferi. Me\u0111utim, ima jo\u0161 mnogo toga da se uradi!<\/p>\n\n\n\n<p>Zbog ovoga, kampanja EYID 2021 ima za cilj:<\/p>\n\n\n\n<ul class=\"wp-block-list\"><li>zapo\u010deti diskusiju o pitanjima mentalnog zdravlja;<\/li><li>biti govornik koji c\u0301e prekinuti stigmu mentalnog zdravlja me\u0111u mladima;<\/li><li>normalizovati potrebu za tra\u017eenjem podr\u0161ke za emocionalno blagostanje;<\/li><li>dati glas mladim ljudima da se slobodno izraze;<\/li><li>pokazati profesionalnost, bliskost i iskustvo omladinskih informativnih radnika u pogledu podr\u0161ke mentalnom zdravlju i blagostanju i pru\u017eanju alata i resursa za rje\u0161avanje bilo koje brige.<\/li><\/ul>\n\n\n\n<p>Ova kampanja je zajedni\u010dki napor izme\u0111u informativnih slu\u017ebi za mlade i mladih. Podnaslov je jasan poziv na akciju za oboje:<\/p>\n\n\n\n<p>Otkrijte svoju unutra\u0161njost: mladi moraju znati da je u redu da se ne osjec\u0301ate dobro sve vrijeme. Trebali bi identifikovati razli\u010dite emocije koje imaju tokom dana i otkriti najbolji na\u010din da iz toga izvuku maksimum.<\/p>\n\n\n\n<p>Govorite glasnije: slu\u017ebe za informisanje mladih treba da budu siguran prostor za slobodno izra\u017eavanje mladih. Platforma za postavljanje bilo kakvih pitanja i ne osjec\u0301anje osude. Omladinski informativni radnici moraju biti u stanju da se nose sa svojim sumnjama i zahtjevima ili da im savjetuju gdje da zatra\u017ee stru\u010dnu pomoc\u0301.<\/p>\n\n\n\n<p>Pratite kampanju na dru\u0161tvenim mre\u017eama koja traje od 1. do 17. aprila i podijelite je sa svojom zajednicom! Koristite hashtagove #EYID2021 i #mindmymind ili nas ozna\u010dite na Facebooku, Instagramu i Tvitteru.<\/p>\n\n\n\n<p>Vi\u0161e informacija o #EYID2021 mo\u017eete pogledati na sljede\u0107oj stranici <strong><a rel=\"noreferrer noopener\" aria-label=\"www.eryica.org\/eyid-2021 (opens in a new tab)\" href=\"http:\/\/www.eryica.org\/eyid-2021\" target=\"_blank\">www.eryica.org\/eyid-2021<\/a><\/strong><\/p>\n\n\n\n<p>Preuzeto sa: <a href=\"http:\/\/www.cerebra-ngo.com\/?p=1223\" target=\"_blank\" rel=\"noreferrer noopener\" aria-label=\"CEREBRA (opens in a new tab)\">CEREBRA<\/a><\/p>\n","protected":false},"excerpt":{"rendered":"<p>OTKRIJTE SVOJE UNUTRA\u0160NJE JA. GOVORI GLASNIJE. \u0160ta je Evropski dan informisanja mladih? 17. aprila, ERYICA, zajedno sa organizacijama \u010dlanicama slavi<\/p>\n","protected":false},"author":1,"featured_media":7802,"comment_status":"closed","ping_status":"open","sticky":false,"template":"","format":"standard","meta":{"om_disable_all_campaigns":false,"_monsterinsights_skip_tracking":false,"_monsterinsights_sitenote_active":false,"_monsterinsights_sitenote_note":"","_monsterinsights_sitenote_category":0,"footnotes":""},"categories":[449],"tags":[22,4141,1016,4142],"class_list":["post-7798","post","type-post","status-publish","format-standard","has-post-thumbnail","hentry","category-organizacije","tag-cerebra","tag-eyid2021","tag-kampanja","tag-pazi-na-moj-um"],"jetpack_featured_media_url":"https:\/\/www.mladibl.com\/wp-content\/uploads\/2021\/04\/EYID2021-Instagram.jpg","amp_enabled":true,"_links":{"self":[{"href":"https:\/\/www.mladibl.com\/index.php?rest_route=\/wp\/v2\/posts\/7798","targetHints":{"allow":["GET"]}}],"collection":[{"href":"https:\/\/www.mladibl.com\/index.php?rest_route=\/wp\/v2\/posts"}],"about":[{"href":"https:\/\/www.mladibl.com\/index.php?rest_route=\/wp\/v2\/types\/post"}],"author":[{"embeddable":true,"href":"https:\/\/www.mladibl.com\/index.php?rest_route=\/wp\/v2\/users\/1"}],"replies":[{"embeddable":true,"href":"https:\/\/www.mladibl.com\/index.php?rest_route=%2Fwp%2Fv2%2Fcomments&post=7798"}],"version-history":[{"count":1,"href":"https:\/\/www.mladibl.com\/index.php?rest_route=\/wp\/v2\/posts\/7798\/revisions"}],"predecessor-version":[{"id":7800,"href":"https:\/\/www.mladibl.com\/index.php?rest_route=\/wp\/v2\/posts\/7798\/revisions\/7800"}],"wp:featuredmedia":[{"embeddable":true,"href":"https:\/\/www.mladibl.com\/index.php?rest_route=\/wp\/v2\/media\/7802"}],"wp:attachment":[{"href":"https:\/\/www.mladibl.com\/index.php?rest_route=%2Fwp%2Fv2%2Fmedia&parent=7798"}],"wp:term":[{"taxonomy":"category","embeddable":true,"href":"https:\/\/www.mladibl.com\/index.php?rest_route=%2Fwp%2Fv2%2Fcategories&post=7798"},{"taxonomy":"post_tag","embeddable":true,"href":"https:\/\/www.mladibl.com\/index.php?rest_route=%2Fwp%2Fv2%2Ftags&post=7798"}],"curies":[{"name":"wp","href":"https:\/\/api.w.org\/{rel}","templated":true}]}}