{"id":7795,"date":"2021-04-01T09:25:39","date_gmt":"2021-04-01T07:25:39","guid":{"rendered":"http:\/\/www.mladibl.com\/?p=7795"},"modified":"2021-04-01T09:25:42","modified_gmt":"2021-04-01T07:25:42","slug":"proni-pokrece-sveobuhvatno-istrazivanje-o-mladima-u-bih","status":"publish","type":"post","link":"https:\/\/www.mladibl.com\/?p=7795","title":{"rendered":"PRONI pokre\u0107e sveobuhvatno istra\u017eivanje o mladima u BiH"},"content":{"rendered":"\n<p>Dugi niz godina PRONI Centar za omladinski razvoj nastoji svoj rad prilagoditi potrebama mladih ljudi, te\u017ee\u0107i istovremeno da locira probleme sa kojima se naj\u010de\u0161\u0107e suo\u010davaju.<\/p>\n\n\n\n<p>Kao nastavak usmjerenosti prema odgovorima na ta pitanja i praksama koje vrednuju njihove zahtjeve, pokrenuli smo sveobuhvatno istra\u017eivanje o dru\u0161tvenom i ekonomskom polo\u017eaju mladih u BiH.<\/p>\n\n\n\n<p>Pitanja su namijenjena mladima od 15 do 30 godina i prilago\u0111ena na na\u010din da obuhvate razli\u010dite sfere njihovog \u017eivota! Ukoliko pripadate toj skupini, molimo vas da ispunite upitnik i unaprijed zahvaljujemo na va\u0161em u\u010de\u0161\u0107u u istra\u017eivanju!<\/p>\n\n\n\n<p><strong><a href=\"https:\/\/docs.google.com\/forms\/d\/e\/1FAIpQLSeWbpfJQk2YR5dVMZYNdhIDcb63GO5kcjHEBTcG7frK95qd-g\/viewform?vc=0&amp;c=0&amp;w=1&amp;flr=0&amp;fbclid=IwAR1Td1M5_dbPh2zL5pMIexFxeLwUlUINkjVqO0K_jCxw242_it6p23uvKZs\" target=\"_blank\" rel=\"noreferrer noopener\" aria-label=\"Ispuni upitnik (opens in a new tab)\">Ispuni upitnik<\/a><\/strong><\/p>\n\n\n\n<p>Preuzeto sa: <a href=\"http:\/\/www.proni.ba\/2021\/03\/29\/proni-pokrece-sveobuhvatno-istrazivanje-o-mladima-u-bih\/\" target=\"_blank\" rel=\"noreferrer noopener\" aria-label=\"PRONI (opens in a new tab)\">PRONI<\/a><\/p>\n","protected":false},"excerpt":{"rendered":"<p>Dugi niz godina PRONI Centar za omladinski razvoj nastoji svoj rad prilagoditi potrebama mladih ljudi, te\u017ee\u0107i istovremeno da locira probleme<\/p>\n","protected":false},"author":1,"featured_media":7796,"comment_status":"closed","ping_status":"open","sticky":false,"template":"","format":"standard","meta":{"om_disable_all_campaigns":false,"_monsterinsights_skip_tracking":false,"_monsterinsights_sitenote_active":false,"_monsterinsights_sitenote_note":"","_monsterinsights_sitenote_category":0,"footnotes":""},"categories":[370],"tags":[860,209,33,34,140],"class_list":["post-7795","post","type-post","status-publish","format-standard","has-post-thumbnail","hentry","category-ostalo","tag-bosna-i-hercegovina","tag-istrazivanje","tag-mladi","tag-omladina","tag-proni"],"jetpack_featured_media_url":"https:\/\/www.mladibl.com\/wp-content\/uploads\/2021\/04\/PRONI-pokre\u0107e-sveobuhvatno-istra\u017eivanje-o-mladima-u-BiH.jpg","amp_enabled":true,"_links":{"self":[{"href":"https:\/\/www.mladibl.com\/index.php?rest_route=\/wp\/v2\/posts\/7795","targetHints":{"allow":["GET"]}}],"collection":[{"href":"https:\/\/www.mladibl.com\/index.php?rest_route=\/wp\/v2\/posts"}],"about":[{"href":"https:\/\/www.mladibl.com\/index.php?rest_route=\/wp\/v2\/types\/post"}],"author":[{"embeddable":true,"href":"https:\/\/www.mladibl.com\/index.php?rest_route=\/wp\/v2\/users\/1"}],"replies":[{"embeddable":true,"href":"https:\/\/www.mladibl.com\/index.php?rest_route=%2Fwp%2Fv2%2Fcomments&post=7795"}],"version-history":[{"count":1,"href":"https:\/\/www.mladibl.com\/index.php?rest_route=\/wp\/v2\/posts\/7795\/revisions"}],"predecessor-version":[{"id":7797,"href":"https:\/\/www.mladibl.com\/index.php?rest_route=\/wp\/v2\/posts\/7795\/revisions\/7797"}],"wp:featuredmedia":[{"embeddable":true,"href":"https:\/\/www.mladibl.com\/index.php?rest_route=\/wp\/v2\/media\/7796"}],"wp:attachment":[{"href":"https:\/\/www.mladibl.com\/index.php?rest_route=%2Fwp%2Fv2%2Fmedia&parent=7795"}],"wp:term":[{"taxonomy":"category","embeddable":true,"href":"https:\/\/www.mladibl.com\/index.php?rest_route=%2Fwp%2Fv2%2Fcategories&post=7795"},{"taxonomy":"post_tag","embeddable":true,"href":"https:\/\/www.mladibl.com\/index.php?rest_route=%2Fwp%2Fv2%2Ftags&post=7795"}],"curies":[{"name":"wp","href":"https:\/\/api.w.org\/{rel}","templated":true}]}}