{"id":7712,"date":"2021-03-30T09:29:27","date_gmt":"2021-03-30T07:29:27","guid":{"rendered":"http:\/\/www.mladibl.com\/?p=7712"},"modified":"2021-03-30T09:29:40","modified_gmt":"2021-03-30T07:29:40","slug":"asubih-raspisuje-konkurs-za-novu-generaciju-regionalnih-pr-menadzera","status":"publish","type":"post","link":"https:\/\/www.mladibl.com\/?p=7712","title":{"rendered":"ASuBiH raspisuje konkurs za novu generaciju regionalnih PR Menad\u017eera!"},"content":{"rendered":"\n<p>Asocijacija srednjo\u0161kolaca u Bosni i Hercegovini raspisuje konkurs za drugu generaciju regionalnih PR Menad\u017eera, \u0161to je odli\u010dna prilika za sve \u010dlanove koji se \u017eele oku\u0161ati u polju medija, odnosa s javno\u0161\u0107u, vo\u0111enju dru\u0161tvenih mre\u017ea, kao i liderstva !<\/p>\n\n\n\n<p>Ovogodi\u0161nja generacije \u0107e brojati 5 regionalnih PR Menad\u017eera, odnosno 5 srednjo\u0161kolaca \u010dija je glavna uloga pomo\u0107 PR mentoru, kao i PR Menad\u017eerici organizacije pri realizaciji promocije i promotivnih aktivnosti, kao i samo pobolj\u0161anje lokalne i dr\u017eavne promocije organizacije.<\/p>\n\n\n\n<p>Mandat regionalnih PR Menad\u017eera trajati \u0107e do naredne Generalne skup\u0161tine od trenutka po\u010detka njihovog mandata. Regionalni PR Menad\u017eeri, na hijerarhijskoj ljestvici nalaze se iznad PR Menad\u017eera lokalnih timova, ali ispod \u010dlanova Upravnog odbora.<\/p>\n\n\n\n<p>Poziv za dostavljanje video aplikacije za regionalne PR Menad\u017eere \u0107e biti otvoren do 04.04.2021. godine do 23:59 \u010dasova, a rezultati \u0107e biti objavljeni 06.04.2021. godine na na\u0161oj web stranici. Nakon objave rezultata novoizabrani regionalni PR Menad\u017eeri \u0107e biti kontaktirani, te \u0107e im biti pru\u017eene sve potrebne informacije za rad.<\/p>\n\n\n\n<p>\u010clanovi koji se \u017eele prijaviti moraju ispunjavati sljede\u0107e uslove:<\/p>\n\n\n\n<ul class=\"wp-block-list\"><li>da su dr\u017eavljani Bosne i Hercegovine;<\/li><li>da poha\u0111aju srednju \u0161kolu na podru\u010dju Bosne i Hercegovine;<\/li><li>da nisu aktivisti\/kinje neke od politi\u010dkih partija;<\/li><li>da je \u010dlan\/ica lokalnog tima ASuBiH-a u mjestu boravka ili \u0161kolovanja;<\/li><\/ul>\n\n\n\n<p>Neblagovremene, nepotpune te prijave sa uvredljivim i pogrdnim sadr\u017eajem se ne\u0107e uzeti u razmatranje.<\/p>\n\n\n\n<p>Pet srednjo\u0161kolaca \u0107e imati priliku direktno se upoznati sa radom Upravnog odbora, konkretnije sa radom funkcije PR Menad\u017eera i mentora PR Menad\u017eera, te svojim idejama i znanjem pomo\u0107i u pobolj\u0161anju promocije Asocijacije.<\/p>\n\n\n\n<p>Vodi\u010d za snimanje videa za novu generaciju Regionalnih PR Menad\u017eera mo\u017eete prona\u0107i <strong><a href=\"https:\/\/asubih.ba\/wp-content\/uploads\/2021\/03\/Vodic-za-video.pdf\" target=\"_blank\" rel=\"noreferrer noopener\" aria-label=\"ovdje (opens in a new tab)\">ovdje<\/a><\/strong> !<\/p>\n\n\n\n<p>Upravni odbor vam \u017eeli mnogo sre\u0107e pri prijavi, te \u017eeljno i\u0161\u010dekujemo iste.<\/p>\n\n\n\n<figure class=\"wp-block-image\"><img loading=\"lazy\" decoding=\"async\" width=\"800\" height=\"800\" src=\"http:\/\/www.mladibl.com\/wp-content\/uploads\/2021\/03\/ASuBiH-raspisuje-konkurs-za-novu-generaciju-regionalnih-PR-Menad\u017eera.jpg\" alt=\"\" class=\"wp-image-7713\" srcset=\"https:\/\/www.mladibl.com\/wp-content\/uploads\/2021\/03\/ASuBiH-raspisuje-konkurs-za-novu-generaciju-regionalnih-PR-Menad\u017eera.jpg 800w, https:\/\/www.mladibl.com\/wp-content\/uploads\/2021\/03\/ASuBiH-raspisuje-konkurs-za-novu-generaciju-regionalnih-PR-Menad\u017eera-150x150.jpg 150w, https:\/\/www.mladibl.com\/wp-content\/uploads\/2021\/03\/ASuBiH-raspisuje-konkurs-za-novu-generaciju-regionalnih-PR-Menad\u017eera-300x300.jpg 300w, https:\/\/www.mladibl.com\/wp-content\/uploads\/2021\/03\/ASuBiH-raspisuje-konkurs-za-novu-generaciju-regionalnih-PR-Menad\u017eera-768x768.jpg 768w\" sizes=\"auto, (max-width: 800px) 100vw, 800px\" \/><\/figure>\n\n\n\n<p>Preuzeto sa: <a href=\"https:\/\/www.hocu.ba\/indexphp\/hocupriliku\/asubih-raspisuje-konkurs-za-novu-generaciju-regionalnih-pr-menadzera\/\" target=\"_blank\" rel=\"noreferrer noopener\" aria-label=\"hocu.ba (opens in a new tab)\">hocu.ba<\/a><\/p>\n","protected":false},"excerpt":{"rendered":"<p>Asocijacija srednjo\u0161kolaca u Bosni i Hercegovini raspisuje konkurs za drugu generaciju regionalnih PR Menad\u017eera, \u0161to je odli\u010dna prilika za sve<\/p>\n","protected":false},"author":1,"featured_media":7713,"comment_status":"closed","ping_status":"open","sticky":false,"template":"","format":"standard","meta":{"om_disable_all_campaigns":false,"_monsterinsights_skip_tracking":false,"_monsterinsights_sitenote_active":false,"_monsterinsights_sitenote_note":"","_monsterinsights_sitenote_category":0,"footnotes":""},"categories":[12],"tags":[4090,306,3550,4091,2560,61],"class_list":["post-7712","post","type-post","status-publish","format-standard","has-post-thumbnail","hentry","category-srednjoskolci","tag-asubih","tag-konkurs","tag-nova-generacija","tag-pr-menadzeri","tag-regionalni","tag-srednjoskolci"],"jetpack_featured_media_url":"https:\/\/www.mladibl.com\/wp-content\/uploads\/2021\/03\/ASuBiH-raspisuje-konkurs-za-novu-generaciju-regionalnih-PR-Menad\u017eera.jpg","amp_enabled":true,"_links":{"self":[{"href":"https:\/\/www.mladibl.com\/index.php?rest_route=\/wp\/v2\/posts\/7712","targetHints":{"allow":["GET"]}}],"collection":[{"href":"https:\/\/www.mladibl.com\/index.php?rest_route=\/wp\/v2\/posts"}],"about":[{"href":"https:\/\/www.mladibl.com\/index.php?rest_route=\/wp\/v2\/types\/post"}],"author":[{"embeddable":true,"href":"https:\/\/www.mladibl.com\/index.php?rest_route=\/wp\/v2\/users\/1"}],"replies":[{"embeddable":true,"href":"https:\/\/www.mladibl.com\/index.php?rest_route=%2Fwp%2Fv2%2Fcomments&post=7712"}],"version-history":[{"count":1,"href":"https:\/\/www.mladibl.com\/index.php?rest_route=\/wp\/v2\/posts\/7712\/revisions"}],"predecessor-version":[{"id":7714,"href":"https:\/\/www.mladibl.com\/index.php?rest_route=\/wp\/v2\/posts\/7712\/revisions\/7714"}],"wp:featuredmedia":[{"embeddable":true,"href":"https:\/\/www.mladibl.com\/index.php?rest_route=\/wp\/v2\/media\/7713"}],"wp:attachment":[{"href":"https:\/\/www.mladibl.com\/index.php?rest_route=%2Fwp%2Fv2%2Fmedia&parent=7712"}],"wp:term":[{"taxonomy":"category","embeddable":true,"href":"https:\/\/www.mladibl.com\/index.php?rest_route=%2Fwp%2Fv2%2Fcategories&post=7712"},{"taxonomy":"post_tag","embeddable":true,"href":"https:\/\/www.mladibl.com\/index.php?rest_route=%2Fwp%2Fv2%2Ftags&post=7712"}],"curies":[{"name":"wp","href":"https:\/\/api.w.org\/{rel}","templated":true}]}}