{"id":7660,"date":"2021-03-29T08:38:43","date_gmt":"2021-03-29T06:38:43","guid":{"rendered":"http:\/\/www.mladibl.com\/?p=7660"},"modified":"2021-03-29T08:38:44","modified_gmt":"2021-03-29T06:38:44","slug":"u-pripremi-set-mjera-za-pomoc-privredi","status":"publish","type":"post","link":"https:\/\/www.mladibl.com\/?p=7660","title":{"rendered":"U pripremi set mjera za pomo\u0107 privredi"},"content":{"rendered":"\n<p>Gradski \u0161tab za vanredne situacije je i sa ju\u010dera\u0161nje sjednice pozvao gra\u0111ane da po\u0161tuju sve propisane mjere jer je epidemiolo\u0161ka situacija na podru\u010dju grada i dalje nepovoljna, a broj zara\u017eenih ne opada.<\/p>\n\n\n\n<p>Najavljeno je da danas po\u010dinje vakcinacija sugra\u0111ana starijih od 65 godina na novom vakcinalnom punktu u hali \u201eBanjalu\u010dkog velesajma\u201c, te da \u0107e u po\u010detku biti 300 vakcinacija dnevno a kasnije i do 1.000, \u0161to je i kapacitet tog prostora.<\/p>\n\n\n\n<p>Gradski \u0161tab ju\u010de je zadu\u017eio gradsku administraciju, nadle\u017ena odjeljenja i Kabinet gradona\u010delnika, da svako u svom opsegu pripremi set mjera za pomo\u0107 privredi.<\/p>\n\n\n\n<p>S obzirom na to da se odvijanje nastave u osnovnim i srednjim \u0161kolama nastavlja onlajn, i javni prevoz putnika na podru\u010dju grada u narednih sedam dana \u0107e se nastaviti u re\u017eimu koji va\u017ei za januar i \u0161kolski raspust.<\/p>\n\n\n\n<p>Na snazi ostaju sve ranije donesene mjere u cilju spre\u010davanja \u0161irenja zaraze virusom korona.<\/p>\n\n\n\n<p>Preuzeto sa: <a href=\"https:\/\/www.banjaluka.rs.ba\/u-pripremi-set-mjera-za-pomoc-privredi\/\" target=\"_blank\" rel=\"noreferrer noopener\" aria-label=\"Grad Banja Luka (opens in a new tab)\">Grad Banja Luka<\/a><\/p>\n","protected":false},"excerpt":{"rendered":"<p>Gradski \u0161tab za vanredne situacije je i sa ju\u010dera\u0161nje sjednice pozvao gra\u0111ane da po\u0161tuju sve propisane mjere jer je epidemiolo\u0161ka<\/p>\n","protected":false},"author":1,"featured_media":7661,"comment_status":"closed","ping_status":"open","sticky":false,"template":"","format":"standard","meta":{"om_disable_all_campaigns":false,"_monsterinsights_skip_tracking":false,"_monsterinsights_sitenote_active":false,"_monsterinsights_sitenote_note":"","_monsterinsights_sitenote_category":0,"footnotes":""},"categories":[2],"tags":[53,430,362,3680,2181],"class_list":["post-7660","post","type-post","status-publish","format-standard","has-post-thumbnail","hentry","category-vijesti","tag-banja-luka","tag-gradski-stab","tag-pomoc","tag-postujmo-mjere","tag-vakcinacija"],"jetpack_featured_media_url":"https:\/\/www.mladibl.com\/wp-content\/uploads\/2021\/03\/U-pripremi-set-mjera-za-pomo\u0107-privredi.jpg","amp_enabled":true,"_links":{"self":[{"href":"https:\/\/www.mladibl.com\/index.php?rest_route=\/wp\/v2\/posts\/7660","targetHints":{"allow":["GET"]}}],"collection":[{"href":"https:\/\/www.mladibl.com\/index.php?rest_route=\/wp\/v2\/posts"}],"about":[{"href":"https:\/\/www.mladibl.com\/index.php?rest_route=\/wp\/v2\/types\/post"}],"author":[{"embeddable":true,"href":"https:\/\/www.mladibl.com\/index.php?rest_route=\/wp\/v2\/users\/1"}],"replies":[{"embeddable":true,"href":"https:\/\/www.mladibl.com\/index.php?rest_route=%2Fwp%2Fv2%2Fcomments&post=7660"}],"version-history":[{"count":1,"href":"https:\/\/www.mladibl.com\/index.php?rest_route=\/wp\/v2\/posts\/7660\/revisions"}],"predecessor-version":[{"id":7662,"href":"https:\/\/www.mladibl.com\/index.php?rest_route=\/wp\/v2\/posts\/7660\/revisions\/7662"}],"wp:featuredmedia":[{"embeddable":true,"href":"https:\/\/www.mladibl.com\/index.php?rest_route=\/wp\/v2\/media\/7661"}],"wp:attachment":[{"href":"https:\/\/www.mladibl.com\/index.php?rest_route=%2Fwp%2Fv2%2Fmedia&parent=7660"}],"wp:term":[{"taxonomy":"category","embeddable":true,"href":"https:\/\/www.mladibl.com\/index.php?rest_route=%2Fwp%2Fv2%2Fcategories&post=7660"},{"taxonomy":"post_tag","embeddable":true,"href":"https:\/\/www.mladibl.com\/index.php?rest_route=%2Fwp%2Fv2%2Ftags&post=7660"}],"curies":[{"name":"wp","href":"https:\/\/api.w.org\/{rel}","templated":true}]}}