{"id":7630,"date":"2021-03-27T10:25:24","date_gmt":"2021-03-27T08:25:24","guid":{"rendered":"http:\/\/www.mladibl.com\/?p=7630"},"modified":"2021-03-27T10:25:26","modified_gmt":"2021-03-27T08:25:26","slug":"dvorana-borik-ponijece-ime-marijana-benesa","status":"publish","type":"post","link":"https:\/\/www.mladibl.com\/?p=7630","title":{"rendered":"Dvorana \u201eBorik\u201c ponije\u0107e ime Marijana Bene\u0161a"},"content":{"rendered":"\n<p>Gradona\u010delnik Dra\u0161ko Stanivukovi\u0107 najavio je da \u0107e dvorana \u201eBorik\u201c ponijeti ime Marijana Bene\u0161a, koji je upravo na tom mjestu 1979. godine, Banju Luku okitio titulom Evropskog \u0161ampiona u boksu.<\/p>\n\n\n\n<p>Stanivukovi\u0107 je danas odr\u017eao sastanak sa k\u0107erkom bokserske legende, \u017danet Bene\u0161 od koje je dobio i punu podr\u0161ku za realizaciju ove ideje, kao i sa predstavnicima predlaga\u010da ove inicijative i direktorom Sportskog centra \u201eBorik\u201c, Nenadom Tali\u0107em.<\/p>\n\n\n\n<p>On je kazao da inicijativa da na\u0161a najve\u0107a sportska dvorana ponese ime po \u010dovjeku koji je mnogo u\u010dinio za na\u0161 grad postoji ve\u0107 nekoliko godina.<\/p>\n\n\n\n<p>-Sada slobodno mogu da ka\u017eem, da \u0107emo je, u saradnji sa porodicom Bene\u0161 i direktorom SC \u201eBorik\u201c, kona\u010dno i realizovati. Banja Luka \u0107e kroz brojne sli\u010dne inicijative vra\u0107ati svoj stari sjaj, te o\u017eivljavati najljep\u0161e uspomene iz perioda kada su na\u0161i sportisti ostvarivali najbolje rezultate \u2013 kazao je gradona\u010delnik, koji je, ovom prilikom, zahvalio Bojanu Bo\u017ei\u0107u i Nikoli Stankovi\u0107u, predstavnicima predlaga\u010da inicijative.<\/p>\n\n\n\n<p>Naime, banjalu\u010dki sportisti, sportski radnici i novinari uputili su Gradu inicijativu da se trenutni naziv dvorane \u201eBorik\u201c, kao dijela Sportskog centra \u201eBorik\u201c preimenuje, te da dvorana ponese ime \u201eMarijan Bene\u0161\u201c.<\/p>\n\n\n\n<p>Inicijatori ovog prijedloga su sportisti, sportski radnici Banje Luke, te sportski novinari ujedinjeni u ideji da sportska dvorana u kojoj se dogodio istorijski me\u010d protiv Francuza \u017dilbera Koena, treba da nosi naziv \u201eMarijan Bene\u0161\u201c, koji je neupitno bio jedan od na\u0161ih najboljih sportista svih vremena i koji je svojim rezultatima proslavio na\u0161 grad.<\/p>\n\n\n\n<p>Osim njegovih sportskih dostignu\u0107a, kojima je svoj grad i sugra\u0111ane u\u010dinio ponosnim, Marijan Bene\u0161 je ostao upam\u0107en i po svojoj ljubavi prema Banjoj Luci, o kojoj je pisao poeziju, te na ovim prostorima nesumnjivo ostavio neizbrisiv trag.<\/p>\n\n\n\n<p>Preuzeto sa: <a href=\"https:\/\/www.banjaluka.rs.ba\/dvorana-borik-ponijece-ime-marijana-benesa\/\" target=\"_blank\" rel=\"noreferrer noopener\" aria-label=\"Grad Banja Luka (opens in a new tab)\">Grad Banja Luka<\/a><\/p>\n","protected":false},"excerpt":{"rendered":"<p>Gradona\u010delnik Dra\u0161ko Stanivukovi\u0107 najavio je da \u0107e dvorana \u201eBorik\u201c ponijeti ime Marijana Bene\u0161a, koji je upravo na tom mjestu 1979.<\/p>\n","protected":false},"author":1,"featured_media":7631,"comment_status":"closed","ping_status":"open","sticky":false,"template":"","format":"standard","meta":{"om_disable_all_campaigns":false,"_monsterinsights_skip_tracking":false,"_monsterinsights_sitenote_active":false,"_monsterinsights_sitenote_note":"","_monsterinsights_sitenote_category":0,"footnotes":""},"categories":[2],"tags":[952,4050,4051],"class_list":["post-7630","post","type-post","status-publish","format-standard","has-post-thumbnail","hentry","category-vijesti","tag-borik","tag-dvorana","tag-marijan-benes"],"jetpack_featured_media_url":"https:\/\/www.mladibl.com\/wp-content\/uploads\/2021\/03\/Dvorana-\u201eBorik\u201c-ponije\u0107e-ime-Marijana-Bene\u0161a.jpg","amp_enabled":true,"_links":{"self":[{"href":"https:\/\/www.mladibl.com\/index.php?rest_route=\/wp\/v2\/posts\/7630","targetHints":{"allow":["GET"]}}],"collection":[{"href":"https:\/\/www.mladibl.com\/index.php?rest_route=\/wp\/v2\/posts"}],"about":[{"href":"https:\/\/www.mladibl.com\/index.php?rest_route=\/wp\/v2\/types\/post"}],"author":[{"embeddable":true,"href":"https:\/\/www.mladibl.com\/index.php?rest_route=\/wp\/v2\/users\/1"}],"replies":[{"embeddable":true,"href":"https:\/\/www.mladibl.com\/index.php?rest_route=%2Fwp%2Fv2%2Fcomments&post=7630"}],"version-history":[{"count":1,"href":"https:\/\/www.mladibl.com\/index.php?rest_route=\/wp\/v2\/posts\/7630\/revisions"}],"predecessor-version":[{"id":7632,"href":"https:\/\/www.mladibl.com\/index.php?rest_route=\/wp\/v2\/posts\/7630\/revisions\/7632"}],"wp:featuredmedia":[{"embeddable":true,"href":"https:\/\/www.mladibl.com\/index.php?rest_route=\/wp\/v2\/media\/7631"}],"wp:attachment":[{"href":"https:\/\/www.mladibl.com\/index.php?rest_route=%2Fwp%2Fv2%2Fmedia&parent=7630"}],"wp:term":[{"taxonomy":"category","embeddable":true,"href":"https:\/\/www.mladibl.com\/index.php?rest_route=%2Fwp%2Fv2%2Fcategories&post=7630"},{"taxonomy":"post_tag","embeddable":true,"href":"https:\/\/www.mladibl.com\/index.php?rest_route=%2Fwp%2Fv2%2Ftags&post=7630"}],"curies":[{"name":"wp","href":"https:\/\/api.w.org\/{rel}","templated":true}]}}