{"id":7627,"date":"2021-03-27T10:24:13","date_gmt":"2021-03-27T08:24:13","guid":{"rendered":"http:\/\/www.mladibl.com\/?p=7627"},"modified":"2021-03-27T10:24:15","modified_gmt":"2021-03-27T08:24:15","slug":"podnesena-inicijativa-da-dajak-bude-uvrsten-na-unesko-vu-listu","status":"publish","type":"post","link":"https:\/\/www.mladibl.com\/?p=7627","title":{"rendered":"Podnesena inicijativa da dajak bude uvr\u0161ten na UNESKO-vu listu"},"content":{"rendered":"\n<p>Grad Banja Luka podr\u017eava inicijativu, koju je delegacija Dajak kluba Banja Luka uputila Ministarstvu trgovine i turizma Republike Srpske za uvr\u0161tavanje dajak \u010damca na UNESKO-vu listu za\u0161ti\u0107enog nematerijalnog kulturnog blaga.<\/p>\n\n\n\n<p>Imaju\u0107i u vidu zna\u010daj o\u010duvanja i njegovanja tradicionalnog banjalu\u010dkog sporta, dajak \u010damac kao autohtono nacionalno blago Banje Luke i Bosne i Hercegovine neupitno zaslu\u017euje da se na\u0111e na ovoj listi.<\/p>\n\n\n\n<p>Svjesni potencijala da dajak mo\u017ee postati svojevrsni simbol i brend na\u0161eg grada, Grad Banja Luka planira izgradnju dajak pristani\u0161ta s ciljem pobolj\u0161anja uslova za treniranje ovoj grupi banjalu\u010dkih sportista, te omogu\u0107avanja ve\u0107em broju sugra\u0111ana i turista da osjete ljepotu ovog sporta.<\/p>\n\n\n\n<p>Preuzeto sa: <a href=\"https:\/\/www.banjaluka.rs.ba\/podnesena-inicijativa-da-dajak-bude-pod-zastitom-unesko-a\/\" target=\"_blank\" rel=\"noreferrer noopener\" aria-label=\"Grad Banja Luka (opens in a new tab)\">Grad Banja Luka<\/a><\/p>\n","protected":false},"excerpt":{"rendered":"<p>Grad Banja Luka podr\u017eava inicijativu, koju je delegacija Dajak kluba Banja Luka uputila Ministarstvu trgovine i turizma Republike Srpske za<\/p>\n","protected":false},"author":1,"featured_media":7628,"comment_status":"closed","ping_status":"open","sticky":false,"template":"","format":"standard","meta":{"om_disable_all_campaigns":false,"_monsterinsights_skip_tracking":false,"_monsterinsights_sitenote_active":false,"_monsterinsights_sitenote_note":"","_monsterinsights_sitenote_category":0,"footnotes":""},"categories":[2],"tags":[53,3877,160,4049,46],"class_list":["post-7627","post","type-post","status-publish","format-standard","has-post-thumbnail","hentry","category-vijesti","tag-banja-luka","tag-dajak","tag-inicijativa","tag-lista","tag-unesco"],"jetpack_featured_media_url":"https:\/\/www.mladibl.com\/wp-content\/uploads\/2021\/03\/Podnesena-inicijativa-da-dajak-bude-uvr\u0161ten-na-UNESKO-vu-listu.jpg","amp_enabled":true,"_links":{"self":[{"href":"https:\/\/www.mladibl.com\/index.php?rest_route=\/wp\/v2\/posts\/7627","targetHints":{"allow":["GET"]}}],"collection":[{"href":"https:\/\/www.mladibl.com\/index.php?rest_route=\/wp\/v2\/posts"}],"about":[{"href":"https:\/\/www.mladibl.com\/index.php?rest_route=\/wp\/v2\/types\/post"}],"author":[{"embeddable":true,"href":"https:\/\/www.mladibl.com\/index.php?rest_route=\/wp\/v2\/users\/1"}],"replies":[{"embeddable":true,"href":"https:\/\/www.mladibl.com\/index.php?rest_route=%2Fwp%2Fv2%2Fcomments&post=7627"}],"version-history":[{"count":1,"href":"https:\/\/www.mladibl.com\/index.php?rest_route=\/wp\/v2\/posts\/7627\/revisions"}],"predecessor-version":[{"id":7629,"href":"https:\/\/www.mladibl.com\/index.php?rest_route=\/wp\/v2\/posts\/7627\/revisions\/7629"}],"wp:featuredmedia":[{"embeddable":true,"href":"https:\/\/www.mladibl.com\/index.php?rest_route=\/wp\/v2\/media\/7628"}],"wp:attachment":[{"href":"https:\/\/www.mladibl.com\/index.php?rest_route=%2Fwp%2Fv2%2Fmedia&parent=7627"}],"wp:term":[{"taxonomy":"category","embeddable":true,"href":"https:\/\/www.mladibl.com\/index.php?rest_route=%2Fwp%2Fv2%2Fcategories&post=7627"},{"taxonomy":"post_tag","embeddable":true,"href":"https:\/\/www.mladibl.com\/index.php?rest_route=%2Fwp%2Fv2%2Ftags&post=7627"}],"curies":[{"name":"wp","href":"https:\/\/api.w.org\/{rel}","templated":true}]}}