{"id":7624,"date":"2021-03-27T10:22:53","date_gmt":"2021-03-27T08:22:53","guid":{"rendered":"http:\/\/www.mladibl.com\/?p=7624"},"modified":"2021-03-27T10:22:54","modified_gmt":"2021-03-27T08:22:54","slug":"banja-luka-u-akciji-sat-za-nasu-planetu-pridruzi-se-iskljuci-svjetla","status":"publish","type":"post","link":"https:\/\/www.mladibl.com\/?p=7624","title":{"rendered":"Banja Luka u akciji \u201eSat za na\u0161u planetu\u201c: Pridru\u017ei se, isklju\u010di svjetla"},"content":{"rendered":"\n<p>Grad Banja Luka \u0107e i ove godine podr\u017eati globalnu ekolo\u0161ku akciju \u201eSat za na\u0161u planetu\u201c, koja \u0107e biti odr\u017eana u subotu 27. marta, u vremenu od 20.30 do 21.30 \u010dasova.<\/p>\n\n\n\n<p>U tom periodu, bi\u0107e isklju\u010dena svjetla na zgradi Gradske uprave, a na poziv Grada akciju su podr\u017eali: Banski dvor, Muzej savremene umjetnosti Republike Srpske, \u201ePo\u0161te Srpske\u201c i \u201eElektrokrajina\u201c koji \u0107e u tom periodu tako\u0111e isklju\u010diti rasvjetu na svojim objektima.<\/p>\n\n\n\n<p>Tako \u0107e se najve\u0107i grad Republike Srpske, po 12. put, pridru\u017eiti brojnim svjetskim gradovima koji simboli\u010dnim isklju\u010divanjem svjetla na sat vremena \u017eele da uka\u017eu na neophodnost borbe protiv klimatskih promjena, kao i da se uputi sna\u017ena poruka kako je mogu\u0107e preduzeti ne\u0161to u vezi sa ubla\u017eavanjem klimatskih promjena i o\u010duvanjem resursa na planeti.<\/p>\n\n\n\n<p>\u201ePokreni se za Planetu\u201c, slogan je ovogodi\u0161nje akcije, kojoj doprinos mogu dati i sugra\u0111ani, isklju\u010divanjem svjetala u svojim domovima.<\/p>\n\n\n\n<p>Ina\u010de, akcija \u201eSat za na\u0161u planetu\u201c po\u010dela je 2007. godine u Sidneju. Brojne svjetske znamenitosti, od tada, bile su u mraku kao poruka o neophodnosti preduzimanja konkretnih akcija za ubla\u017eavanje klimatskih promjena.<\/p>\n\n\n\n<p>Preuzeto sa: <a href=\"https:\/\/www.banjaluka.rs.ba\/banja-luka-u-akciji-sat-za-planetu\/\" target=\"_blank\" rel=\"noreferrer noopener\" aria-label=\"Grad Banja Luka (opens in a new tab)\">Grad Banja Luka<\/a><\/p>\n","protected":false},"excerpt":{"rendered":"<p>Grad Banja Luka \u0107e i ove godine podr\u017eati globalnu ekolo\u0161ku akciju \u201eSat za na\u0161u planetu\u201c, koja \u0107e biti odr\u017eana u<\/p>\n","protected":false},"author":1,"featured_media":7625,"comment_status":"closed","ping_status":"open","sticky":false,"template":"","format":"standard","meta":{"om_disable_all_campaigns":false,"_monsterinsights_skip_tracking":false,"_monsterinsights_sitenote_active":false,"_monsterinsights_sitenote_note":"","_monsterinsights_sitenote_category":0,"footnotes":""},"categories":[2],"tags":[638,53,4048,4047,4046],"class_list":["post-7624","post","type-post","status-publish","format-standard","has-post-thumbnail","hentry","category-vijesti","tag-akcija","tag-banja-luka","tag-iskljuci-svjetla","tag-pridruzi-se","tag-sat-za-nasu-planetu"],"jetpack_featured_media_url":"https:\/\/www.mladibl.com\/wp-content\/uploads\/2021\/03\/Banja-Luka-u-akciji-\u201eSat-za-na\u0161u-planetu\u201c_-Pridru\u017ei-se-isklju\u010di-svjetla.jpg","amp_enabled":true,"_links":{"self":[{"href":"https:\/\/www.mladibl.com\/index.php?rest_route=\/wp\/v2\/posts\/7624","targetHints":{"allow":["GET"]}}],"collection":[{"href":"https:\/\/www.mladibl.com\/index.php?rest_route=\/wp\/v2\/posts"}],"about":[{"href":"https:\/\/www.mladibl.com\/index.php?rest_route=\/wp\/v2\/types\/post"}],"author":[{"embeddable":true,"href":"https:\/\/www.mladibl.com\/index.php?rest_route=\/wp\/v2\/users\/1"}],"replies":[{"embeddable":true,"href":"https:\/\/www.mladibl.com\/index.php?rest_route=%2Fwp%2Fv2%2Fcomments&post=7624"}],"version-history":[{"count":1,"href":"https:\/\/www.mladibl.com\/index.php?rest_route=\/wp\/v2\/posts\/7624\/revisions"}],"predecessor-version":[{"id":7626,"href":"https:\/\/www.mladibl.com\/index.php?rest_route=\/wp\/v2\/posts\/7624\/revisions\/7626"}],"wp:featuredmedia":[{"embeddable":true,"href":"https:\/\/www.mladibl.com\/index.php?rest_route=\/wp\/v2\/media\/7625"}],"wp:attachment":[{"href":"https:\/\/www.mladibl.com\/index.php?rest_route=%2Fwp%2Fv2%2Fmedia&parent=7624"}],"wp:term":[{"taxonomy":"category","embeddable":true,"href":"https:\/\/www.mladibl.com\/index.php?rest_route=%2Fwp%2Fv2%2Fcategories&post=7624"},{"taxonomy":"post_tag","embeddable":true,"href":"https:\/\/www.mladibl.com\/index.php?rest_route=%2Fwp%2Fv2%2Ftags&post=7624"}],"curies":[{"name":"wp","href":"https:\/\/api.w.org\/{rel}","templated":true}]}}