{"id":7621,"date":"2021-03-26T10:04:09","date_gmt":"2021-03-26T08:04:09","guid":{"rendered":"http:\/\/www.mladibl.com\/?p=7621"},"modified":"2021-03-26T10:04:11","modified_gmt":"2021-03-26T08:04:11","slug":"poezija-petkom-natasa-bednarcuk","status":"publish","type":"post","link":"https:\/\/www.mladibl.com\/?p=7621","title":{"rendered":"Poezija petkom: Nata\u0161a Bednar\u010duk"},"content":{"rendered":"\n<p><strong><em>PRAVO VRIJEME<\/em><\/strong><\/p>\n\n\n\n<p><em>\u010cekati danas.<br>\u010cekati sutra,<br>prekosutra,<br>naredni mjesec,<br>neku godinu\u2026<\/em><\/p>\n\n\n\n<p><em>\u010cekaju\u0107i<br>do\u010dekati starost.<\/em><\/p>\n\n\n\n<p><em>Umrijeti \u010dekaju\u0107i.<\/em><\/p>\n\n\n\n<p>Ro\u0111ena sam 8. avgusta 1997. u Banjoj Luci. Trenutno sam student \u010detvrte godine medicine na Medicinskom fakultetu u Banjoj Luci. Bila sam \u010dlan nekoliko nevladinih organizacija i aktivan volonter tokom srednje \u0161kole i prvih godina fakulteta. Vi\u0161e godina sam volontirala kao vo\u0111a grupe iz inostranstva na folklornim festivalima Dukat fest i Kozara Etno. Trenutno obavljam funkciju koordinatora Sekcije za nau\u010dno- istra\u017eiva\u010dki rad, Saveza studenata Medicinskog fakulteta. Slobodno vrijeme provodim u prirodi, \u0161etaju\u0107i ili voze\u0107i bicikl. <\/p>\n\n\n\n<blockquote class=\"wp-block-quote is-layout-flow wp-block-quote-is-layout-flow\"><p>Poezija je odraz i produkt mojih misli i osje\u0107anja. To je proizvod svega onoga \u0161to vidim, \u010dujem, osjetim, pro\u017eivim. Ponekad neka pjesma nastane i kao posljedica \u017eivopisnog sna, koji je ostao neobja\u0161njen, ali kao takav, dobar izvor inspiracije.<\/p><\/blockquote>\n\n\n\n<p><em>Uhvati\u0107u trenutak<br>danas<br>sutra<br>prekosutra<br>kako bih imala <br>ne\u0161to svoje<br>onda <br>kad zabrane<br>hvatanje trenutaka.<\/em><\/p>\n\n\n\n<p>Pripremila: Nata\u0161a Gavur<\/p>\n","protected":false},"excerpt":{"rendered":"<p>PRAVO VRIJEME \u010cekati danas.\u010cekati sutra,prekosutra,naredni mjesec,neku godinu\u2026 \u010cekaju\u0107ido\u010dekati starost. Umrijeti \u010dekaju\u0107i. Ro\u0111ena sam 8. avgusta 1997. u Banjoj Luci. Trenutno<\/p>\n","protected":false},"author":1,"featured_media":7622,"comment_status":"closed","ping_status":"open","sticky":false,"template":"","format":"standard","meta":{"om_disable_all_campaigns":false,"_monsterinsights_skip_tracking":false,"_monsterinsights_sitenote_active":false,"_monsterinsights_sitenote_note":"","_monsterinsights_sitenote_category":0,"footnotes":""},"categories":[3652],"tags":[4045,3653],"class_list":["post-7621","post","type-post","status-publish","format-standard","has-post-thumbnail","hentry","category-poezijapetkom","tag-natasa-bednarcuk","tag-poezija-petkom"],"jetpack_featured_media_url":"https:\/\/www.mladibl.com\/wp-content\/uploads\/2021\/03\/Poezija-petkom.png","amp_enabled":true,"_links":{"self":[{"href":"https:\/\/www.mladibl.com\/index.php?rest_route=\/wp\/v2\/posts\/7621","targetHints":{"allow":["GET"]}}],"collection":[{"href":"https:\/\/www.mladibl.com\/index.php?rest_route=\/wp\/v2\/posts"}],"about":[{"href":"https:\/\/www.mladibl.com\/index.php?rest_route=\/wp\/v2\/types\/post"}],"author":[{"embeddable":true,"href":"https:\/\/www.mladibl.com\/index.php?rest_route=\/wp\/v2\/users\/1"}],"replies":[{"embeddable":true,"href":"https:\/\/www.mladibl.com\/index.php?rest_route=%2Fwp%2Fv2%2Fcomments&post=7621"}],"version-history":[{"count":1,"href":"https:\/\/www.mladibl.com\/index.php?rest_route=\/wp\/v2\/posts\/7621\/revisions"}],"predecessor-version":[{"id":7623,"href":"https:\/\/www.mladibl.com\/index.php?rest_route=\/wp\/v2\/posts\/7621\/revisions\/7623"}],"wp:featuredmedia":[{"embeddable":true,"href":"https:\/\/www.mladibl.com\/index.php?rest_route=\/wp\/v2\/media\/7622"}],"wp:attachment":[{"href":"https:\/\/www.mladibl.com\/index.php?rest_route=%2Fwp%2Fv2%2Fmedia&parent=7621"}],"wp:term":[{"taxonomy":"category","embeddable":true,"href":"https:\/\/www.mladibl.com\/index.php?rest_route=%2Fwp%2Fv2%2Fcategories&post=7621"},{"taxonomy":"post_tag","embeddable":true,"href":"https:\/\/www.mladibl.com\/index.php?rest_route=%2Fwp%2Fv2%2Ftags&post=7621"}],"curies":[{"name":"wp","href":"https:\/\/api.w.org\/{rel}","templated":true}]}}