{"id":7553,"date":"2021-03-25T01:11:19","date_gmt":"2021-03-24T23:11:19","guid":{"rendered":"http:\/\/www.mladibl.com\/?p=7553"},"modified":"2021-03-25T01:11:20","modified_gmt":"2021-03-24T23:11:20","slug":"banja-luka-poslala-poruku-saosjecanja","status":"publish","type":"post","link":"https:\/\/www.mladibl.com\/?p=7553","title":{"rendered":"Banja Luka poslala poruku saosje\u0107anja"},"content":{"rendered":"\n<p>Povodom obilje\u017eavanja 22. godi\u0161njice NATO bombardovanja Savezne Republike Jugoslavije, u Banjoj Luci se sino\u0107 u 19.55 \u010dasova, simboli\u010dno u vrijeme kada je pala prva bomba, oglasila sirena za uzbunjivanje i obavje\u0161tavanje. U isto vrijeme, svjetla na zgradama Banskog dvora i Gradske uprave bila su uga\u0161ena.<\/p>\n\n\n\n<p>Grad Banja Luka u \u010dast svih nevino nastradalih na ovaj na\u010din \u0161alje poruku saosje\u0107anja i vapaja budu\u0107im generacijama, da se ovakvi zlo\u010dini nikada nikome ne ponove.<\/p>\n\n\n\n<p>Na dana\u0161nji dan, prije 22 godine pala je prva bomba, sa kojom je zapo\u010dela agonija i serija vazdu\u0161nih napada NATO snaga na biv\u0161u SRJ u trajanju od 78 dana.<\/p>\n\n\n\n<p>Preuzeto sa: <a href=\"https:\/\/www.banjaluka.rs.ba\/banja-luka-poslala-poruku-saosjecanja\/\" target=\"_blank\" rel=\"noreferrer noopener\" aria-label=\"Grad Banja Luka (opens in a new tab)\">Grad Banja Luka<\/a><\/p>\n","protected":false},"excerpt":{"rendered":"<p>Povodom obilje\u017eavanja 22. godi\u0161njice NATO bombardovanja Savezne Republike Jugoslavije, u Banjoj Luci se sino\u0107 u 19.55 \u010dasova, simboli\u010dno u vrijeme<\/p>\n","protected":false},"author":1,"featured_media":7554,"comment_status":"closed","ping_status":"open","sticky":false,"template":"","format":"standard","meta":{"om_disable_all_campaigns":false,"_monsterinsights_skip_tracking":false,"_monsterinsights_sitenote_active":false,"_monsterinsights_sitenote_note":"","_monsterinsights_sitenote_category":0,"footnotes":""},"categories":[2],"tags":[53,4003,1890,4002,1255,4001,4000],"class_list":["post-7553","post","type-post","status-publish","format-standard","has-post-thumbnail","hentry","category-vijesti","tag-banja-luka","tag-bombardovanje","tag-godisnjica","tag-nato","tag-obiljezavanje","tag-poruka-saosjecanja","tag-poslala"],"jetpack_featured_media_url":"https:\/\/www.mladibl.com\/wp-content\/uploads\/2021\/03\/Banja-Luka-poslala-poruku-saosje\u0107anja.jpg","amp_enabled":true,"_links":{"self":[{"href":"https:\/\/www.mladibl.com\/index.php?rest_route=\/wp\/v2\/posts\/7553","targetHints":{"allow":["GET"]}}],"collection":[{"href":"https:\/\/www.mladibl.com\/index.php?rest_route=\/wp\/v2\/posts"}],"about":[{"href":"https:\/\/www.mladibl.com\/index.php?rest_route=\/wp\/v2\/types\/post"}],"author":[{"embeddable":true,"href":"https:\/\/www.mladibl.com\/index.php?rest_route=\/wp\/v2\/users\/1"}],"replies":[{"embeddable":true,"href":"https:\/\/www.mladibl.com\/index.php?rest_route=%2Fwp%2Fv2%2Fcomments&post=7553"}],"version-history":[{"count":1,"href":"https:\/\/www.mladibl.com\/index.php?rest_route=\/wp\/v2\/posts\/7553\/revisions"}],"predecessor-version":[{"id":7555,"href":"https:\/\/www.mladibl.com\/index.php?rest_route=\/wp\/v2\/posts\/7553\/revisions\/7555"}],"wp:featuredmedia":[{"embeddable":true,"href":"https:\/\/www.mladibl.com\/index.php?rest_route=\/wp\/v2\/media\/7554"}],"wp:attachment":[{"href":"https:\/\/www.mladibl.com\/index.php?rest_route=%2Fwp%2Fv2%2Fmedia&parent=7553"}],"wp:term":[{"taxonomy":"category","embeddable":true,"href":"https:\/\/www.mladibl.com\/index.php?rest_route=%2Fwp%2Fv2%2Fcategories&post=7553"},{"taxonomy":"post_tag","embeddable":true,"href":"https:\/\/www.mladibl.com\/index.php?rest_route=%2Fwp%2Fv2%2Ftags&post=7553"}],"curies":[{"name":"wp","href":"https:\/\/api.w.org\/{rel}","templated":true}]}}