{"id":7526,"date":"2021-03-24T10:17:18","date_gmt":"2021-03-24T08:17:18","guid":{"rendered":"http:\/\/www.mladibl.com\/?p=7526"},"modified":"2021-03-24T10:17:20","modified_gmt":"2021-03-24T08:17:20","slug":"radionice-na-temu-medijske-i-informacijske-pismenosti","status":"publish","type":"post","link":"https:\/\/www.mladibl.com\/?p=7526","title":{"rendered":"Radionice na temu medijske i informacijske pismenosti"},"content":{"rendered":"\n<p><strong><a href=\"https:\/\/cfi.fr\/en\" target=\"_blank\" rel=\"noreferrer noopener\" aria-label=\"Agencija Canal France International (CFI) (opens in a new tab)\">Agencija Canal France International (CFI)<\/a><\/strong> poziva srednjo\u0161kolce i srednj\u0161kolke iz BiH da se prijave na radionice o medijskoj i informacijskoj pismenosti.<\/p>\n\n\n\n<p>Na radionice se mogu prijaviti svi zainteresovani koji \u017eele razvijati znanja na polju medijske i informacijske pismenosti, a koji dolaze iz Zenice, Banjaluke, Visokog, Kiseljaka i okolnih mjesta.<\/p>\n\n\n\n<p>U\u010desnici i u\u010desnice radionice \u0107e imati priliku nau\u010diti \u0161ta je medijska i informacijska pismenost, zbog \u010dega je ona va\u017ena, kao i \u0161ta su dezinformacije, te kakav je njihov uticaj i kako ih prepoznati.<\/p>\n\n\n\n<p>Na radionicima \u0107e biti predstavljena i edukativna mobilna aplikacija o dezinformacijama, a radionice \u0107e biti realizovane prema edukativnoj <strong><a href=\"https:\/\/talmil.org\/\" target=\"_blank\" rel=\"noreferrer noopener\" aria-label=\"TALMIL (opens in a new tab)\">TALMIL<\/a><\/strong> platformi koja je, osim engleskog i francuskog jezika, dostupna i na slu\u017ebenim jezicima zemalja Zapadnog Balkana.<\/p>\n\n\n\n<p>Radionica \u0107e uklju\u010divati i rad u grupama gdje \u0107e u\u010desnici i u\u010desnice, na konkretnim primjerima, razvijati kriti\u010dko mi\u0161ljenje, te diskutovati sa grupom o temama vezanih za medijsku i informacijsku pismenost.<\/p>\n\n\n\n<p>Termini odr\u017eavanja radionica:<\/p>\n\n\n\n<p>7.4.2021. Zenica \u2013 online radionica<\/p>\n\n\n\n<p><strong>14.4.2021. Banjaluka \u2013 online radionica<\/strong><\/p>\n\n\n\n<p>7.5.2021. Visoko<\/p>\n\n\n\n<p>20.5.2021. Kiseljak<\/p>\n\n\n\n<p>Nepomena: Zbog trenutne epidemiolo\u0161ke situacije u vezi sa koronavirusom u BiH, jo\u0161 uvijek nije utvr\u0111eno da li \u0107e radionice u Visokom i Kiseljaku biti odr\u017eane online ili u\u017eivo. Svi u\u010desnici iz navedenih gradova \u0107e blagovremeno biti obavije\u0161teni o detaljima odr\u017eavanja tih radionica.<\/p>\n\n\n\n<p>Zbog pandemije koronavirusa ograni\u010den je i broj u\u010desnika radionica.<\/p>\n\n\n\n<p>Svi u\u010desnici \u0107e po zavr\u0161etku projekta dobiti certifikat o u\u010de\u0161\u0107u na radionicama.<\/p>\n\n\n\n<p>Radionice \u0107e voditi novinarka Mediacentra Sarajevo, Nejra Hase\u010di\u0107.<\/p>\n\n\n\n<p>Planirano trajanje radionica je od 10 do 15 sati, a svi zainteresovani se mogu prijaviti putem maila <strong><a href=\"mailto:nejra@media.ba\" target=\"_blank\" rel=\"noreferrer noopener\" aria-label=\"nejra@media.ba (opens in a new tab)\">nejra@media.ba<\/a><\/strong>, sa naznakom \u201cPrijava za radionicu: (naziv grada)\u201d.<\/p>\n\n\n\n<p>Rokovi za prijave za svaku od radnica je dva dana prije njihovog odr\u017eavanja.<\/p>\n\n\n\n<p>Radionice se organizuju u okviru projekta Balkan Voices koje u zemljama Zapadnog Balkana (Albanija, Bosna i Hercegovina, Crna Gora, Kosovo, Sjeverna Makedonija i Srbija) provodi agencija CFI koja djeluje u okviru Ministarstva za evropske i vanjske poslove Francuske.<\/p>\n\n\n\n<p>Preuzeto sa: <a href=\"https:\/\/www.media.ba\/bs\/event\/radionice-na-temu-medijske-i-informacijske-pismenosti\" target=\"_blank\" rel=\"noreferrer noopener\" aria-label=\"media.ba (opens in a new tab)\">media.ba<\/a><\/p>\n","protected":false},"excerpt":{"rendered":"<p>Agencija Canal France International (CFI) poziva srednjo\u0161kolce i srednj\u0161kolke iz BiH da se prijave na radionice o medijskoj i informacijskoj<\/p>\n","protected":false},"author":1,"featured_media":7527,"comment_status":"closed","ping_status":"open","sticky":false,"template":"","format":"standard","meta":{"om_disable_all_campaigns":false,"_monsterinsights_skip_tracking":false,"_monsterinsights_sitenote_active":false,"_monsterinsights_sitenote_note":"","_monsterinsights_sitenote_category":0,"footnotes":""},"categories":[6],"tags":[1490,1489,902],"class_list":["post-7526","post","type-post","status-publish","format-standard","has-post-thumbnail","hentry","category-dogadjaji","tag-informaciona-pismenost","tag-medijska-pismenost","tag-radionice"],"jetpack_featured_media_url":"https:\/\/www.mladibl.com\/wp-content\/uploads\/2021\/03\/Radionice-na-temu-medijske-i-informacijske-pismenosti.jpg","amp_enabled":true,"_links":{"self":[{"href":"https:\/\/www.mladibl.com\/index.php?rest_route=\/wp\/v2\/posts\/7526","targetHints":{"allow":["GET"]}}],"collection":[{"href":"https:\/\/www.mladibl.com\/index.php?rest_route=\/wp\/v2\/posts"}],"about":[{"href":"https:\/\/www.mladibl.com\/index.php?rest_route=\/wp\/v2\/types\/post"}],"author":[{"embeddable":true,"href":"https:\/\/www.mladibl.com\/index.php?rest_route=\/wp\/v2\/users\/1"}],"replies":[{"embeddable":true,"href":"https:\/\/www.mladibl.com\/index.php?rest_route=%2Fwp%2Fv2%2Fcomments&post=7526"}],"version-history":[{"count":1,"href":"https:\/\/www.mladibl.com\/index.php?rest_route=\/wp\/v2\/posts\/7526\/revisions"}],"predecessor-version":[{"id":7528,"href":"https:\/\/www.mladibl.com\/index.php?rest_route=\/wp\/v2\/posts\/7526\/revisions\/7528"}],"wp:featuredmedia":[{"embeddable":true,"href":"https:\/\/www.mladibl.com\/index.php?rest_route=\/wp\/v2\/media\/7527"}],"wp:attachment":[{"href":"https:\/\/www.mladibl.com\/index.php?rest_route=%2Fwp%2Fv2%2Fmedia&parent=7526"}],"wp:term":[{"taxonomy":"category","embeddable":true,"href":"https:\/\/www.mladibl.com\/index.php?rest_route=%2Fwp%2Fv2%2Fcategories&post=7526"},{"taxonomy":"post_tag","embeddable":true,"href":"https:\/\/www.mladibl.com\/index.php?rest_route=%2Fwp%2Fv2%2Ftags&post=7526"}],"curies":[{"name":"wp","href":"https:\/\/api.w.org\/{rel}","templated":true}]}}