{"id":7514,"date":"2021-03-24T09:06:38","date_gmt":"2021-03-24T07:06:38","guid":{"rendered":"http:\/\/www.mladibl.com\/?p=7514"},"modified":"2021-03-24T09:06:40","modified_gmt":"2021-03-24T07:06:40","slug":"kljucno-postujmo-propisane-mjere","status":"publish","type":"post","link":"https:\/\/www.mladibl.com\/?p=7514","title":{"rendered":"Klju\u010dno: Po\u0161tujmo propisane mjere"},"content":{"rendered":"\n<p>Zbog nepovoljne epidemiolo\u0161ke situacije, Grad Banja Luka u nastavku kampanje pod nazivom \u201eDisciplinom do zdravlja\u201c, poziva sugra\u0111ane na pridr\u017eavanje propisanih epidemiolo\u0161kih mjera.<\/p>\n\n\n\n<p>Od izuzetne va\u017enosti za dalji tok razvoja epidemije je po\u0161tovanje mjera, posebno no\u0161enje maske, odr\u017eavanje fizi\u010dke distance, redovno mjerenje temperature i poja\u010dane mjere li\u010dne higijene ruku.<\/p>\n\n\n\n<p>Samo na ovaj na\u010din, preventivnim djelovanjem i odgovornim pona\u0161njem, mo\u017eemo sa\u010duvati ne samo svoje, nego i zdravlje najbli\u017eih i ljudi u na\u0161em okru\u017eenju.<\/p>\n\n\n\n<p>Letke sa uputstvima i preporukama o tome kako se za\u0161titi od virusa korona, gra\u0111ani mogu preuzeti sa zvani\u010dnih kanala komunikacije Grada ili ih uzeti ispred Prijemne kancelarije u prizemlju zgrade Gradske uprave.<\/p>\n\n\n\n<figure class=\"wp-block-image\"><img decoding=\"async\" src=\"https:\/\/www.banjaluka.rs.ba\/wp-content\/uploads\/2021\/03\/plakat-insta.jpg\" alt=\"\"\/><\/figure>\n\n\n\n<p>Preuzeto sa: <a href=\"https:\/\/www.banjaluka.rs.ba\/kljucno-postujemo-propisane-mjere\/\" target=\"_blank\" rel=\"noreferrer noopener\" aria-label=\"Grad Banja Luka (opens in a new tab)\">Grad Banja Luka<\/a><\/p>\n","protected":false},"excerpt":{"rendered":"<p>Zbog nepovoljne epidemiolo\u0161ke situacije, Grad Banja Luka u nastavku kampanje pod nazivom \u201eDisciplinom do zdravlja\u201c, poziva sugra\u0111ane na pridr\u017eavanje propisanih<\/p>\n","protected":false},"author":1,"featured_media":7515,"comment_status":"closed","ping_status":"open","sticky":false,"template":"","format":"standard","meta":{"om_disable_all_campaigns":false,"_monsterinsights_skip_tracking":false,"_monsterinsights_sitenote_active":false,"_monsterinsights_sitenote_note":"","_monsterinsights_sitenote_category":0,"footnotes":""},"categories":[2],"tags":[27,3979,3680],"class_list":["post-7514","post","type-post","status-publish","format-standard","has-post-thumbnail","hentry","category-vijesti","tag-grad-banja-luka","tag-kljucno","tag-postujmo-mjere"],"jetpack_featured_media_url":"https:\/\/www.mladibl.com\/wp-content\/uploads\/2021\/03\/Klju\u010dno_-Po\u0161tujmo-propisane-mjere.jpg","amp_enabled":true,"_links":{"self":[{"href":"https:\/\/www.mladibl.com\/index.php?rest_route=\/wp\/v2\/posts\/7514","targetHints":{"allow":["GET"]}}],"collection":[{"href":"https:\/\/www.mladibl.com\/index.php?rest_route=\/wp\/v2\/posts"}],"about":[{"href":"https:\/\/www.mladibl.com\/index.php?rest_route=\/wp\/v2\/types\/post"}],"author":[{"embeddable":true,"href":"https:\/\/www.mladibl.com\/index.php?rest_route=\/wp\/v2\/users\/1"}],"replies":[{"embeddable":true,"href":"https:\/\/www.mladibl.com\/index.php?rest_route=%2Fwp%2Fv2%2Fcomments&post=7514"}],"version-history":[{"count":1,"href":"https:\/\/www.mladibl.com\/index.php?rest_route=\/wp\/v2\/posts\/7514\/revisions"}],"predecessor-version":[{"id":7516,"href":"https:\/\/www.mladibl.com\/index.php?rest_route=\/wp\/v2\/posts\/7514\/revisions\/7516"}],"wp:featuredmedia":[{"embeddable":true,"href":"https:\/\/www.mladibl.com\/index.php?rest_route=\/wp\/v2\/media\/7515"}],"wp:attachment":[{"href":"https:\/\/www.mladibl.com\/index.php?rest_route=%2Fwp%2Fv2%2Fmedia&parent=7514"}],"wp:term":[{"taxonomy":"category","embeddable":true,"href":"https:\/\/www.mladibl.com\/index.php?rest_route=%2Fwp%2Fv2%2Fcategories&post=7514"},{"taxonomy":"post_tag","embeddable":true,"href":"https:\/\/www.mladibl.com\/index.php?rest_route=%2Fwp%2Fv2%2Ftags&post=7514"}],"curies":[{"name":"wp","href":"https:\/\/api.w.org\/{rel}","templated":true}]}}