{"id":7502,"date":"2021-03-23T09:42:41","date_gmt":"2021-03-23T07:42:41","guid":{"rendered":"http:\/\/www.mladibl.com\/?p=7502"},"modified":"2021-03-23T09:42:43","modified_gmt":"2021-03-23T07:42:43","slug":"manjaca-postaje-jos-veca-atrakcija","status":"publish","type":"post","link":"https:\/\/www.mladibl.com\/?p=7502","title":{"rendered":"Manja\u010da postaje jo\u0161 ve\u0107a atrakcija"},"content":{"rendered":"\n<p>Turisti\u010dko-rekreativni kompleks \u201cManja\u010da\u201d trebalo bi da dobije nove sadr\u017eaje zahvaljuju\u0107i kojima \u0107e ova oaza za odmor, rekreaciju i sport biti jo\u0161 ve\u0107a atrakcija za izletnike.<\/p>\n\n\n\n<p>Veliko i malo jezero, proplanci i \u0161umske staze mamac su za ljubitelje prirode, a d\u017e planu je da novi projekti omogu\u0107e jo\u0161 ve\u0107e u\u017eivanje u zelenom raju. Na ovom, za mnoge posjetioce iz banjalu\u010dke regije, omiljenom izleti\u0161tu u budu\u0107nosti bi trebalo da \u201cnikne\u201d vikend naselje, dok su za ovu godinu planirani sportski tereni i drugi prate\u0107i objekti.<\/p>\n\n\n\n<p>Direktor Centra za razvoj poljoprivrede i sela Dra\u0161ko Ili\u0107 je istakao da bi projekti trebalo da budu realizovani nakon usvajanja bud\u017eeta grada.<\/p>\n\n\n\n<p>-Da bi posjetioci imali \u0161to bolje uslove predvi\u0111ena je gradnja kanalizacionih mre\u017ea, zatim ure\u0111enje zelenih povr\u0161ina za rekreativne sadr\u017eaje, ali i mnogi drugi projekti. Nastoja\u0107emo da izgradimo odbojka\u0161ke i ko\u0161arka\u0161ke terene, dje\u010dije igrali\u0161te, teretane u prirodi, male izvi\u0111a\u010dke kampove u okolini i sli\u010dne sadr\u017eaje poput pla\u017enog bara, kao i tr\u017enice koja \u0107e biti na ulazu u centar &#8211; kazao je Ili\u0107 i dodao da \u0107e ulaz i ove godine biti slobodan.<\/p>\n\n\n\n<p>Prema njegovim rije\u010dima ovaj prirodni biser svakodnevno je posje\u0107en, a o\u010dekuje se da \u0107e \u010dim otopli biti jo\u0161 vi\u0161e izletnika.<\/p>\n\n\n\n<p>-Sa dolaskom ljep\u0161ih dana sve vi\u0161e posjetilaca dolazi da \u0161eta pored jezera i u\u017eiva u prirodnim ljepotama koje nudi ovaj rekreativni centar &#8211; rekao je Ili\u0107.<\/p>\n\n\n\n<p>On je uvjeren da \u0107e posjeta biti izra\u017eenija oko prvomajskih praznika, kada gra\u0111ani tradicionalno posje\u0107uju izleti\u0161ta.<\/p>\n\n\n\n<p>-Posjetioci \u0107e sa dolaskom sezone mo\u0107i da u\u017eivaju u odmoru i adrenalinskim aktivnostima, kao \u0161to je skijanje na vodi, koje je u ponudi bilo i pro\u0161le godine &#8211; kazao je Ili\u0107.<\/p>\n\n\n\n<p>Prema Ili\u0107evim rije\u010dima prva sezona u Turisti\u010dko-rekreativnom kompleksu \u201cManja\u010da\u201d, uprkos pandemiji virusa korona, bila je izuzetno uspje\u0161na.<\/p>\n\n\n\n<p>-Tokom cijele godine ovo izleti\u0161te nudi posjetiocima mjesto za odmor, zabavu i sportsko-rekreativne aktivnosti &#8211; naglasio je Ili\u0107.<\/p>\n\n\n\n<p>Jedan od redovnih posjetilaca Sa\u0161a Rendi\u0107 ka\u017ee za \u201cGlas Srpske\u201d da je prednost to \u0161to se do kompleksa \u201cManja\u010da\u201d vozilom sti\u017ee za samo tridesetak minuta.<\/p>\n\n\n\n<p>-Ovo mjesto je odli\u010dno za bijeg od gradske vreve, a bi\u0107e jo\u0161 bolje kada dobije nove sadr\u017eaje. \u010cim otopli nastojim da sa svojim dru\u0161tvom vikende provodim na nekom od izleti\u0161ta. To je naro\u010dito va\u017eno u vremenu epidemije kada su onemogu\u0107ena putovanja i kada je boravak u prirodi najbolje rje\u0161enje da se iskoristi slobodno vrijeme. Otkad je otvoren kompleks, redovno posje\u0107ujemo Manja\u010du, jer imamo sve \u0161to nam je potrebno. Od mjesta za ro\u0161tiljanje, jezero, a i prostor za rekreaciju &#8211; rekao je Rendi\u0107.<\/p>\n\n\n\n<p>\u201cKraji\u0161ka ku\u0107a\u201d<\/p>\n\n\n\n<p>Prema rije\u010dima Dra\u0161ka Ili\u0107a, pandemija virusa korona nije usporila rad \u201cKraji\u0161ke ku\u0107e\u201d, kojom upravlja Centar za razvoj poljoprivrede i sela.<\/p>\n\n\n\n<p>-U periodu kada mnogi privredni subjekti imaju smanjene aktivnosti, \u201cKraji\u0161ka ku\u0107a\u201d radi punom parom &#8211; rekao je Ili\u0107.<\/p>\n\n\n\n<p>Prema njegovim rije\u010dima, \u201cKraji\u0161ka ku\u0107a\u201d u Trebinju je u posljednjoj fazi gra\u0111evinskih radova te se za ne\u0161to vi\u0161e od mjesec o\u010dekuje njeno otvaranje.<\/p>\n\n\n\n<p>Preuzeto sa: <a href=\"https:\/\/www.glassrpske.com\/lat\/novosti\/banjaluka\/manjaca-postaje-jos-veca-atrakcija\/354968\" target=\"_blank\" rel=\"noreferrer noopener\" aria-label=\"Glas Srpske (opens in a new tab)\">Glas Srpske<\/a><\/p>\n","protected":false},"excerpt":{"rendered":"<p>Turisti\u010dko-rekreativni kompleks \u201cManja\u010da\u201d trebalo bi da dobije nove sadr\u017eaje zahvaljuju\u0107i kojima \u0107e ova oaza za odmor, rekreaciju i sport biti<\/p>\n","protected":false},"author":1,"featured_media":7503,"comment_status":"closed","ping_status":"open","sticky":false,"template":"","format":"standard","meta":{"om_disable_all_campaigns":false,"_monsterinsights_skip_tracking":false,"_monsterinsights_sitenote_active":false,"_monsterinsights_sitenote_note":"","_monsterinsights_sitenote_category":0,"footnotes":""},"categories":[370],"tags":[3970,3972,797,798,925,148,3971],"class_list":["post-7502","post","type-post","status-publish","format-standard","has-post-thumbnail","hentry","category-ostalo","tag-atrakcija","tag-kompleks","tag-manjaca","tag-odmor","tag-rekreacija","tag-sport","tag-turisticko-rekreativni"],"jetpack_featured_media_url":"https:\/\/www.mladibl.com\/wp-content\/uploads\/2021\/03\/Manja\u010da-postaje-jo\u0161-ve\u0107a-atrakcija.jpg","amp_enabled":true,"_links":{"self":[{"href":"https:\/\/www.mladibl.com\/index.php?rest_route=\/wp\/v2\/posts\/7502","targetHints":{"allow":["GET"]}}],"collection":[{"href":"https:\/\/www.mladibl.com\/index.php?rest_route=\/wp\/v2\/posts"}],"about":[{"href":"https:\/\/www.mladibl.com\/index.php?rest_route=\/wp\/v2\/types\/post"}],"author":[{"embeddable":true,"href":"https:\/\/www.mladibl.com\/index.php?rest_route=\/wp\/v2\/users\/1"}],"replies":[{"embeddable":true,"href":"https:\/\/www.mladibl.com\/index.php?rest_route=%2Fwp%2Fv2%2Fcomments&post=7502"}],"version-history":[{"count":1,"href":"https:\/\/www.mladibl.com\/index.php?rest_route=\/wp\/v2\/posts\/7502\/revisions"}],"predecessor-version":[{"id":7504,"href":"https:\/\/www.mladibl.com\/index.php?rest_route=\/wp\/v2\/posts\/7502\/revisions\/7504"}],"wp:featuredmedia":[{"embeddable":true,"href":"https:\/\/www.mladibl.com\/index.php?rest_route=\/wp\/v2\/media\/7503"}],"wp:attachment":[{"href":"https:\/\/www.mladibl.com\/index.php?rest_route=%2Fwp%2Fv2%2Fmedia&parent=7502"}],"wp:term":[{"taxonomy":"category","embeddable":true,"href":"https:\/\/www.mladibl.com\/index.php?rest_route=%2Fwp%2Fv2%2Fcategories&post=7502"},{"taxonomy":"post_tag","embeddable":true,"href":"https:\/\/www.mladibl.com\/index.php?rest_route=%2Fwp%2Fv2%2Ftags&post=7502"}],"curies":[{"name":"wp","href":"https:\/\/api.w.org\/{rel}","templated":true}]}}