{"id":7483,"date":"2021-03-23T09:02:57","date_gmt":"2021-03-23T07:02:57","guid":{"rendered":"http:\/\/www.mladibl.com\/?p=7483"},"modified":"2021-03-23T09:02:58","modified_gmt":"2021-03-23T07:02:58","slug":"javni-prevoz-od-danas-u-izmijenjenom-rezimu-300-000-km-za-proces-vakcinacije","status":"publish","type":"post","link":"https:\/\/www.mladibl.com\/?p=7483","title":{"rendered":"Javni prevoz od danas u izmijenjenom re\u017eimu, 300.000 KM za proces vakcinacije"},"content":{"rendered":"\n<p>Zbog novih epidemiolo\u0161kih mjera koje je donio Republi\u010dki \u0161tab za vanredne situacije, od danas do 29. marta, javni prevoz u Banjoj Luci odvija\u0107e se po izmijenjenom re\u017eimu, odnosno onom koji je va\u017eio u januaru u periodu \u0161kolskog raspusta, saop\u0161teno je poslije ju\u010dera\u0161nje sjednice Gradskog \u0161taba za vanredne situacije.<\/p>\n\n\n\n<p>Nagla\u0161eno je da se Banja Luka intenzivno priprema za po\u010detak masovne vakcinacije, a za tehni\u010dku podr\u0161ku tom procesu izdvoji\u0107e dodatnih 300.000 KM.<\/p>\n\n\n\n<p>-To su sredstva mimo onih predvi\u0111enih u bud\u017eetu na stavci za Dom zdravlja od 700.000 KM, tako da \u0107emo do\u0107i do cifre od preko milion KM za borbu protiv epidemije korona virusa \u2013 kazao je gradona\u010delnik Dra\u0161ko Stanivukovi\u0107.<\/p>\n\n\n\n<p>Govore\u0107i o trenutnoj epidemiolo\u0161koj situaciji u gradu, kazao je da je i dalje te\u0161ka i izazovna sa tendencijom rasta broja zara\u017eenih.<\/p>\n\n\n\n<p>U odnosu na sedmicu prije, kako je naveo, broj zara\u017eenih pove\u0107an je za 26 odsto, te u gradu trenutno ima preko 2.400 aktivnih slu\u010dajeva.<\/p>\n\n\n\n<p>Kada je rije\u010d o novim mjerama koje je ju\u010de donio Republi\u010dki \u0161tab za vanredne situacije, Banja Luka nastavlja da ih provodi uz dodatno poja\u010dane mjere koje su ve\u0107 na snazi po odluci Gradskog \u0161taba a odnose se na obavezno no\u0161enje maske na otvorenom i zabranu javnih okupljanja.<\/p>\n\n\n\n<p>Gradona\u010delnik je kazao da dnevni centri za sada mogu da obavljaju svoje aktivnosti, te da je Grad u vezi s tim zatra\u017eio dodatno mi\u0161ljenje od Instituta za javno zdravstvo Republike Srpske.<\/p>\n\n\n\n<p>Tako\u0111e, u vezi sa novim mjerama, kako je najavio \u2013 kontrolni organi \u0107e dodatno obavljati nadzor nad onim poslovima koji se i dalje odvijaju, poput tr\u017enica na otvorenom i trena\u017enih procesa.<\/p>\n\n\n\n<p>Ovom prilikom, i gradona\u010delnik je demantovao ju\u010dera\u0161nje navode Republi\u010dkog inspektorata iznesenih na ra\u010dun rada komunalnih policajaca i navodnog odbijanja saradnje sa republi\u010dkim inspektorima.<\/p>\n\n\n\n<p>Direktorica Doma zdravlja Banja Luka, Nevena Todorovi\u0107 rekla je da je situacija u Banjoj Luci krajnje alarmantna i da pritisak na ovu ustanovu raste.<\/p>\n\n\n\n<p>\u2043 Dnevno imamo u prosjeku oko 500 pacijenata sa simptomima u ARI ambulantama, a u kovid ambulanti smo morali uvesti \u010detvrti tim da radi. Ukoliko se ovim tempom bude pove\u0107ao broj aktivnih lica, na\u0161a kovid ambulanta ne\u0107e biti dovoljna da zbrine sva lica kojima je potreba dnevna bolnica i zato smo danas razmatrali i dodatnu lokaciju za neku vrstu te dnevne bolnice u kojoj bi oboljeli dolazili na dnevnu terapiju jer su na\u0161i kapaciteti preoptere\u0107eni\u2013 kazala je ona.<\/p>\n\n\n\n<p>Napomenula je da \u0107e pedijatrijska slu\u017eba i dalje nastaviti sa sistematskim pregledima budu\u0107ih prva\u010di\u0107a, te da \u0107e u radnom re\u017eimu ostati i pet \u0161kolskih stomatolo\u0161kih ambulanti.<\/p>\n\n\n\n<p>I sa dana\u0161nje sjednice \u0160taba upu\u0107en je apel da se po\u0161tuju propisane epidemiolo\u0161ke mjere, te nagla\u0161eno da je odgovornost na svakom pojedincu.<\/p>\n\n\n\n<p>Preuzeto sa: <a href=\"https:\/\/www.banjaluka.rs.ba\/javni-prevoz-od-sutra-u-izmijenjenom-rezimu\/\" target=\"_blank\" rel=\"noreferrer noopener\" aria-label=\"Grad Banja Luka (opens in a new tab)\">Grad Banja Luka<\/a><\/p>\n","protected":false},"excerpt":{"rendered":"<p>Zbog novih epidemiolo\u0161kih mjera koje je donio Republi\u010dki \u0161tab za vanredne situacije, od danas do 29. marta, javni prevoz u<\/p>\n","protected":false},"author":1,"featured_media":7484,"comment_status":"closed","ping_status":"open","sticky":false,"template":"","format":"standard","meta":{"om_disable_all_campaigns":false,"_monsterinsights_skip_tracking":false,"_monsterinsights_sitenote_active":false,"_monsterinsights_sitenote_note":"","_monsterinsights_sitenote_category":0,"footnotes":""},"categories":[2],"tags":[27,785,3933,2181],"class_list":["post-7483","post","type-post","status-publish","format-standard","has-post-thumbnail","hentry","category-vijesti","tag-grad-banja-luka","tag-javni-prevoz","tag-nove-mjere","tag-vakcinacija"],"jetpack_featured_media_url":"https:\/\/www.mladibl.com\/wp-content\/uploads\/2021\/03\/Javni-prevoz-od-danas-u-izmijenjenom-re\u017eimu-300.000-KM-za-proces-vakcinacije.jpg","amp_enabled":true,"_links":{"self":[{"href":"https:\/\/www.mladibl.com\/index.php?rest_route=\/wp\/v2\/posts\/7483","targetHints":{"allow":["GET"]}}],"collection":[{"href":"https:\/\/www.mladibl.com\/index.php?rest_route=\/wp\/v2\/posts"}],"about":[{"href":"https:\/\/www.mladibl.com\/index.php?rest_route=\/wp\/v2\/types\/post"}],"author":[{"embeddable":true,"href":"https:\/\/www.mladibl.com\/index.php?rest_route=\/wp\/v2\/users\/1"}],"replies":[{"embeddable":true,"href":"https:\/\/www.mladibl.com\/index.php?rest_route=%2Fwp%2Fv2%2Fcomments&post=7483"}],"version-history":[{"count":1,"href":"https:\/\/www.mladibl.com\/index.php?rest_route=\/wp\/v2\/posts\/7483\/revisions"}],"predecessor-version":[{"id":7485,"href":"https:\/\/www.mladibl.com\/index.php?rest_route=\/wp\/v2\/posts\/7483\/revisions\/7485"}],"wp:featuredmedia":[{"embeddable":true,"href":"https:\/\/www.mladibl.com\/index.php?rest_route=\/wp\/v2\/media\/7484"}],"wp:attachment":[{"href":"https:\/\/www.mladibl.com\/index.php?rest_route=%2Fwp%2Fv2%2Fmedia&parent=7483"}],"wp:term":[{"taxonomy":"category","embeddable":true,"href":"https:\/\/www.mladibl.com\/index.php?rest_route=%2Fwp%2Fv2%2Fcategories&post=7483"},{"taxonomy":"post_tag","embeddable":true,"href":"https:\/\/www.mladibl.com\/index.php?rest_route=%2Fwp%2Fv2%2Ftags&post=7483"}],"curies":[{"name":"wp","href":"https:\/\/api.w.org\/{rel}","templated":true}]}}