{"id":7473,"date":"2021-03-22T09:54:50","date_gmt":"2021-03-22T07:54:50","guid":{"rendered":"http:\/\/www.mladibl.com\/?p=7473"},"modified":"2021-03-22T09:57:10","modified_gmt":"2021-03-22T07:57:10","slug":"stefan-unic-personalizovani-orgonit-je-buducnost-21-veka","status":"publish","type":"post","link":"https:\/\/www.mladibl.com\/?p=7473","title":{"rendered":"Mladi inovator Stefan Uni\u0107: Personalizovani orgonit je budu\u0107nost 21. veka"},"content":{"rendered":"\n<p>Mladi inovator, Stefan Uni\u0107 iz Trstenika, nakon pedesetak poku\u0161aja, napravio je personalizovani orgonit, ekolo\u0161ki ure\u0111aj, koji ubla\u017eava elektro magnetno zra\u010denje. Ovaj mladi\u0107, od svoje \u0161esnaeste godine, bavi se naukom. Konstantno \u010dita i mnogo istra\u017euje. Student je tre\u0107e godine, Visoke tehni\u010dke ma\u0161inske \u0161kole u Trsteniku, smjer proizvodno ma\u0161instvo. Stefanovi projekti poput &#8220;Personalizovanog orgonita&#8221;, \u201eEkolo\u0161ki projekat 2019-2020\u201c, koji se odnosi na pre\u010di\u0161\u0107avanje zaga\u0111enog vazduha, te \u201ePre\u010di\u0161\u0107avanje zaga\u0111ene vode i zemlji\u0161ta&#8221;, samo su neki od projekata, a na prvom, radio je \u010dak pet godina. Siguran je kako \u0107e njegov izum \u201ePersonalizovani orgonit\u201c, do 2024. godine biti u proizvodnji i dostupan svim gra\u0111anima.<\/p>\n\n\n\n<p>U intervjuu za Banjaluka Mladi, Uni\u0107 govori o svom putu od ideje do inovacije, projektima, te zanimljivim savjetima za budu\u0107e inovatore. <\/p>\n\n\n\n<p><strong>Stefane, student si tre\u0107e godine Visoke tehni\u010dke ma\u0161inske \u0161kole, smjer proizvodno ma\u0161instvo. Za\u0161to te ba\u0161 ta oblast ma\u0161instva najvi\u0161e zanima?<\/strong><\/p>\n\n\n\n<p>Poti\u010dem iz ma\u0161inske porodice. Pradeda je bio ma\u0161inac, a deda profesor na ma\u0161inskom fakultetu, na katedri za proizvodno ma\u0161instvo. Tako\u0111e, da upi\u0161em ma\u0161instvo me je privuklo i dru\u0161tvo iz srednje \u0161kole. Od nas 24 &#8211; oro, na kraju \u010detvrte godine, ma\u0161instvo je upisalo njih sedamnaest, vi\u0161e od pola odeljenja. Najvi\u0161e me zainteresovala oblast proizvodnog ma\u0161instva &#8211; model proizvodne tehnologije, zbog mogu\u0107nosti realizovanja mojih projekata sutradan. Ma\u0161inski in\u017eenjer mo\u017ee 95% sam da odradi projekat koji je vezan za \u017eivotnu sredinu, jer mu je to usko-stru\u010dno povezana oblast. Danas sve vi\u0161e na ma\u0161inskim fakultetom ima predmeta poput ekologije, prerada ulja od ma\u0161ina, za\u0161tita od buke strugova, glodalica i brusilica. Ma\u0161instvo je nauka koju volim, kojom sam odlu\u010dio da se bavim i savetujem svim mladim ljudima koji su u nedoumici \u0161ta da upi\u0161u, neka to bude ma\u0161instvo. Ma\u0161instvo je tra\u017eeno i sve vi\u0161e \u0107e biti u budu\u0107nosti. Roboti ne mogu zameniti ma\u0161inskog in\u017eenjera. To mo\u017ee biti samo \u010dovek koji je \u0161kolovani i dobar matemati\u010dar. Odlika svih ma\u0161inaca je dobro poznavanje i baratanje matematikom i razlomcima. <\/p>\n\n\n\n<p><strong>Reci nam ne\u0161to o svojoj inovaciji \u201ePersonalizovani orgonit\u201c? Rekao si u jednom intervjuu kako personalizovani orgonit ima ve\u0107u primjenu i djelovanje od obi\u010dnog. Koje su to najbitnije razlike? <\/strong><\/p>\n\n\n\n<p>Personalizovani orgonit je moja prva inovacija koja me je proslavila u svetu medija. U pitanju je proizvod koji je budu\u0107nost 21. veka i koji \u0107e se na\u0107i na spisku deset najtra\u017eenijih proizvoda u svetu, kako pokazuju do sada istra\u017eivanja (u pitanju su istra\u017eivanja na svetskom nivou). Prvi orgonit sam nabavio od jednog gospodina sa sajma u Budimpe\u0161ti i do\u0161ao na ideju da postoje\u0107i orgonit unapredim. Palo mi je na pamet da mogu pobolj\u0161ati njegov radijus primene. Velika je razlika izme\u0111u orgonita i personalizovanog, pre svega u obliku, primeni i delovanju. Najvi\u0161e se personalizovani orgonit koristi u ekolo\u0161ke svrhe, a to je za br\u017ei i bolji rast biljaka, smanjenje zra\u010denja i \u010di\u0161\u0107enja vazduha i atmosfere. U pitanju je pasivan ure\u0111aj. Delovanje i primena ovih ure\u0111aja je individualna i zavisi od prostorije, ba\u0161te (njive) i izlo\u017eenosti zra\u010denja. Postavljanjem personalizovanog orgonita, pored biljke, biljka \u0107e br\u017ee i bolje rasti i ne\u0107e je napadati paraziti. Ovo je testirano na jednoj biljci, u pitanju je bila paprika. Personalizovani orgonit, mo\u0107i \u0107e ubla\u017eiti i elektromagnetno zra\u010denje, kojem smo svakodnevno izlo\u017eeni, za \u010dak, verovali ili ne, 50%. Postoje\u0107i orgonit smo unapredili, personalizovani, 50 posto smo promenili njegov postoje\u0107i sastav. Orgonit se sastoji od metala, kristala i smole. Moj personalizovani orgonit sadr\u017ei sve to isto i jo\u0161 plus neke sastojke, poput razli\u010ditih materijala, bakar itd.<\/p>\n\n\n\n<figure class=\"wp-block-image\"><img loading=\"lazy\" decoding=\"async\" width=\"800\" height=\"640\" src=\"http:\/\/www.mladibl.com\/wp-content\/uploads\/2021\/03\/STEFAN-UNI\u0106_-Personalizovani-orgonit-je-budu\u0107nost-21.-veka-1.jpg\" alt=\"\" class=\"wp-image-7474\" srcset=\"https:\/\/www.mladibl.com\/wp-content\/uploads\/2021\/03\/STEFAN-UNI\u0106_-Personalizovani-orgonit-je-budu\u0107nost-21.-veka-1.jpg 800w, https:\/\/www.mladibl.com\/wp-content\/uploads\/2021\/03\/STEFAN-UNI\u0106_-Personalizovani-orgonit-je-budu\u0107nost-21.-veka-1-300x240.jpg 300w, https:\/\/www.mladibl.com\/wp-content\/uploads\/2021\/03\/STEFAN-UNI\u0106_-Personalizovani-orgonit-je-budu\u0107nost-21.-veka-1-768x614.jpg 768w\" sizes=\"auto, (max-width: 800px) 100vw, 800px\" \/><\/figure>\n\n\n\n<p><strong>Da li si patentirao svoj izum i da li je u upotrebi? <\/strong><\/p>\n\n\n\n<p>U toku je patentiranje ure\u0111aja. Ure\u0111aj jo\u0161 uvek nije patetentiran. Ja se nadam da \u0107e se sve zavr\u0161iti do kraja ove 2021. godine. Radi\u0107u na tome da ne bude samo dr\u017eavni patent, ve\u0107 nacionalni. Ipak, proces od ideje do realizacije je dug, nije kratak.  Zato treba biti strpljiv. Da bi proizvod iza\u0161ao na tr\u017ei\u0161te, ogroman je protokol. Nadam se da \u0107e do 2024. godine biti u proizvodnji. <\/p>\n\n\n\n<p><strong>Koliko je te\u017eak put od inovacije do komercijalizacije? Da li mladi inovatori imaju podr\u0161ku od strane dr\u017eave?<\/strong><\/p>\n\n\n\n<p>\u0160to se ti\u010de podr\u0161ke od strane dr\u017eave, mladi inovatori \u0107e je imati, ukoliko je zatra\u017ee. Mislim, ako kontaktiraju resorna ministarstva i upoznaju ih sa njihovim radom, pretpostavljam da \u0107e imati podr\u0161ku. Put od inovacije do komercijalizacije je veoma dug i nije ba\u0161 lak. Ja sam na svom ure\u0111aju radio punih pet godina i jo\u0161 uvek nije sve gotovo. Zato, treba biti strpljiv i potruditi se da ono \u0161to ste zacrtali i ostvarite. Uvek sam bio uporan i trudio se da u svemu budem maksimalno dobar, \u0161ta god radio.<\/p>\n\n\n\n<p><strong>Ko ti je sve pomogao prilikom razvoja ovog projekta i \u010diju si podr\u0161ku imao na samom po\u010detku? <\/strong><\/p>\n\n\n\n<p>Imao sam veliku podr\u0161ku od svih, po\u010dev od prijatelja, drugara i porodice. Va\u017eno je imati podr\u0161ku, jer bez nje ne biste uspeli. Na  ovom projektu sam tako\u0111e imao i veliku podr\u0161ku od profesora, mentora i drugih stru\u010dnih i kompetentnih ljudi koji su mi mnogo pomagali. Mnogo sam im  zahvalan, jer sam, ne bih ni\u0161ta uspeo da uradim.<\/p>\n\n\n\n<p><strong>Nasljednik si inovatora. Pradeda konstruktor, deda inovator. Vjerujem da si mnogo ponosan \u0161to poti\u010de\u0161 iz inovatorske porodice. Da li su oni kao tebi pozitivan primjer, najzaslu\u017eniji za tvoj uspjeh u inovatorstvu? <\/strong><\/p>\n\n\n\n<p>To mi je u krvi, genetski. Da sam hteo u \u017eivotu da pobegnem od toga, uvek me je to \u010dekalo na putu. Ponosan sam \u0161to poti\u010dem iz inovatorske porodice. To je velika privilegija u dana\u0161nje vreme. Nastavljam tradiciju porodice Uni\u0107 i trudim se da budem jo\u0161 bolji. Naravno da su mi oni pozitivan primer, jer ugledam se na njih i trudim se da i ja ostvarim ono \u0161to su oni u svojoj karijeri ostvarili. Tako\u0111e, i danas imam  veliku podr\u0161ku od svog inovatora dede \u017divana koji je u penziji, ali veoma aktivan \u010dovek na polju nauke i inovacija.<\/p>\n\n\n\n<p><strong>Na kojim sve takmi\u010denjima si u\u010destvovao? Iza tebe je 50 razli\u010ditih nagrada. Mo\u017ee\u0161 li izdvojiti nagradu  kojom se naro\u010dito ponosi\u0161? <\/strong><\/p>\n\n\n\n<p>Tako je. Od svoje \u0161esnaeste godine sam po\u010deo da se takmi\u010dim. I\u0161ao sam na razna takmi\u010denja iz srpskog jezika i knji\u017eevnosti, recitacije\/glume, plivanja, biologije i mnogih drugih oblasti. Imam mnogo nagrada na koje sam ponosan. Posebno bih izdvojio Oktobarsku nagradu, koju sam dobio 2019. godine u Trsteniku i nju sam dobio sa samo 21 godinu, na \u0161ta sam naro\u010dito ponosan i sre\u0107an. Eto, tu bih nagradu posebno izdvojio. Sve nagrade su mi drage i motivi\u0161u me da nastavim ovim i jo\u0161 boljim tempom.<\/p>\n\n\n\n<figure class=\"wp-block-image\"><img loading=\"lazy\" decoding=\"async\" width=\"800\" height=\"600\" src=\"http:\/\/www.mladibl.com\/wp-content\/uploads\/2021\/03\/STEFAN-UNI\u0106_-Personalizovani-orgonit-je-budu\u0107nost-21.-veka-2.jpg\" alt=\"\" class=\"wp-image-7475\" srcset=\"https:\/\/www.mladibl.com\/wp-content\/uploads\/2021\/03\/STEFAN-UNI\u0106_-Personalizovani-orgonit-je-budu\u0107nost-21.-veka-2.jpg 800w, https:\/\/www.mladibl.com\/wp-content\/uploads\/2021\/03\/STEFAN-UNI\u0106_-Personalizovani-orgonit-je-budu\u0107nost-21.-veka-2-300x225.jpg 300w, https:\/\/www.mladibl.com\/wp-content\/uploads\/2021\/03\/STEFAN-UNI\u0106_-Personalizovani-orgonit-je-budu\u0107nost-21.-veka-2-768x576.jpg 768w\" sizes=\"auto, (max-width: 800px) 100vw, 800px\" \/><\/figure>\n\n\n\n<p><strong>Koliko su takmi\u010denja u inovacijama va\u017ena za mlade inovatore? <\/strong><\/p>\n\n\n\n<p>Va\u017ena su takmi\u010denja za mlade inovatore. Zato \u0161to vi na tim takmi\u010denjima upoznajete nove ljude, njihove projekte i njihov rad. Samo tako mo\u017eete da napredujete i budete u korak sa inovacijama. Trudim da ispratim sva takmi\u010denja i sajmove \u0161irom zemlje i sveta. Titula mladog inovatora je titula rada, upornosti i znanja iz one oblasti za koju ste nagra\u0111eni.<\/p>\n\n\n\n<p><strong>Koliko je inovatorstvo danas popularno kod mladih? <\/strong><\/p>\n\n\n\n<p>Iskreno da ti ka\u017eem Mihaela i ne ba\u0161 toliko. Mlade ljude to toliko ne interesuje, ta\u010dnije, ne privla\u010di ih. Trudim se da mojim javnim nastupima motivi\u0161em mlade da krenu u vode nauke, inovacija i istra\u017eivanja i bi\u0107u ponosan na sebe ukoliko to uspem. <\/p>\n\n\n\n<p><strong>Trenutno radi\u0161 na projektu \u201ePre\u010di\u0161\u0107avanje zaga\u0111enih voda i zemlji\u0161ta\u201c. Koji je cilj projekta i da li si zadovoljan dosada\u0161njim radom?<\/strong><\/p>\n\n\n\n<p>\u0160to se ti\u010de mog projekta &#8220;Pre\u010di\u0161\u0107avanje zaga\u0111ene vode i zemlji\u0161ta&#8221;, na njemu radim ve\u0107 vi\u0161e od devet meseci i nadam se da \u0107e do kraja slede\u0107e godine, postati i inovacija. Ako se pitate za\u0161to toliko dugo, opet ponavljam, da je put od ideje do realizacije  dug i da morate uvek biti strpljivi u onome \u0161to radite. Cilj svih mojih projekata je da unapredim \u017eivotnu sredinu. Svi projekti su ekolo\u0161ki. Do sada sam sve projekte realizovao i zadovoljan sam svojim radom. <\/p>\n\n\n\n<p><strong>Pro\u010ditala sam negdje kako su inovatori ljudi kojima je dan uvijek kratak, kojima sine ideja u zoru i kako je  odmah moraju &#8220;baciti&#8221; na papir. Da li je to istina, zapisuje\u0161 li ti svoje ideje?<\/strong><\/p>\n\n\n\n<p>Sve zapisujem i trudim se da \u0161ta god radim, radim promi\u0161ljeno, besprekorno dobro i posve\u0107eno. Dan mi nije kratak, jer uvek imam dobru organizaciju. Ujutru kada ustanem, organizujem ceo dan, jedino tako mogu da iskoristim taj dan maksimalno dobro. <\/p>\n\n\n\n<p><strong>Da li ima\u0161 jo\u0161 nekih ideja na kojima bi radio? <\/strong><\/p>\n\n\n\n<p>Ideja imam mnogo. Najva\u017enija osobina inovatora, jeste kreativnost. U planu mi je jedan projekat u vezi sanacije i rekultaviacije deponija i javila mi se ideja kako bi ta postrojenja radila. Tako da bih na tome radio u narednom periodu. Od ideje sve kre\u0107e. Zato je va\u017eno, \u010dim vam sine ideja da je odmah prepacite na papir i porazgovarate sa stru\u010dnim i kompetentnim ljudima koji se bave time. <\/p>\n\n\n\n<p><strong>\u0160ta tebi inovacije donose?<\/strong><\/p>\n\n\n\n<p>Meni inovacije donose nagradu, poput sertifikata, da je ono \u0161to sam radio i trudio se, potvr\u0111eno od strane onih kojj to ocenjuju. Inovatori ne dobijaju novac za svoj rad, dobijaju samo nov\u010dane nagrade po nekada i to su skrome nagrade. Ko se bavi inovatorstvom, on se time bavi iz ljubavi, a ne zbog para. Naravno, pored toga treba da ima i posao kojim se bavi. Ovo treba biti samo hobi  gde da se utro\u0161i slobodno vreme.<\/p>\n\n\n\n<figure class=\"wp-block-image\"><img loading=\"lazy\" decoding=\"async\" width=\"512\" height=\"455\" src=\"http:\/\/www.mladibl.com\/wp-content\/uploads\/2021\/03\/STEFAN-UNI\u0106_-Personalizovani-orgonit-je-budu\u0107nost-21.-veka-3.jpg\" alt=\"\" class=\"wp-image-7476\" srcset=\"https:\/\/www.mladibl.com\/wp-content\/uploads\/2021\/03\/STEFAN-UNI\u0106_-Personalizovani-orgonit-je-budu\u0107nost-21.-veka-3.jpg 512w, https:\/\/www.mladibl.com\/wp-content\/uploads\/2021\/03\/STEFAN-UNI\u0106_-Personalizovani-orgonit-je-budu\u0107nost-21.-veka-3-300x267.jpg 300w\" sizes=\"auto, (max-width: 512px) 100vw, 512px\" \/><\/figure>\n\n\n\n<p><strong>Tvoj  savjet mladim ljudima koji imaju ideju, kako da pristupe realizaciji? Mogu li tebi da se obrate za savjet?<\/strong><\/p>\n\n\n\n<p>Naravno da mogu. Ja sam uvek otvoren za svaki vid komunikacije, saveta i pomo\u0107i. \u017deleo bih da dam savet mladim ljudima, da budu uporni u \u017eivotu i nikada ne odustaju. Prepreka naravno ima puno, ali kada stignete do cilja, sve se to zaboravi. Ko god ima neku ideju, odmah treba krenuti u proces realizacije, jer ve\u0107 sutra \u0107e biti kasno.<\/p>\n\n\n\n<p><strong>Dolazio si u  na\u0161 grad, \u0161ta ti se najvi\u0161e svi\u0111a u Banjaluci? <\/strong><\/p>\n\n\n\n<p>Bio sam u Banjaluci nekoliko puta. Sada ta\u010dno ne znam koliko, \u010dini mi  se, tri ili \u010detiri puta. Banjaluka je jako lep grad sa puno mesta koje treba obi\u0107i i posetiti. Ne bih mogao ni\u0161ta da izdvojim sada, ali eto, \u017eeleo bih da ka\u017eem da su najbolji izlasci u Banjaluci, \u010dak dosta bolji nego u Beogradu. <\/p>\n\n\n\n<p><strong>Za kraj razgovora, sa kojim \u017eeljama si zakora\u010dio u 2021. godinu i gdje sebe vidi\u0161 u narednih deset godina? <\/strong><\/p>\n\n\n\n<p>Trudio sam se da u ovom intervju ne spomenem epidemiju korona virusa, ali moram. \u017delja mi je bila na kraju 2020. godine da se to sa epidemijom sve re\u0161i i da mi ova 2021. godina bude mnogo bolja, nego sve prethodne. \u017deleo bih da u ovoj 2021. godini budem jo\u0161 bolji nego \u0161to sam bio, da se potrudim da ostvarim sve one ciljeve koje sam zacrtao, a veruj mi da ima jako puno. Te\u0161ko mi je sada da odgovorim na pitanje gde vidim sebe za deset godina. Evo, mogao bih da ka\u017eem da je to neki posao u \u0161koli, kao asistent, na nekom predmetu koj je na katedri za ma\u0161intsvo.<\/p>\n\n\n\n<p><em>Intervju vodila: Mihaela Amid\u017ei\u0107<\/em><\/p>\n","protected":false},"excerpt":{"rendered":"<p>Mladi inovator, Stefan Uni\u0107 iz Trstenika, nakon pedesetak poku\u0161aja, napravio je personalizovani orgonit, ekolo\u0161ki ure\u0111aj, koji ubla\u017eava elektro magnetno zra\u010denje.<\/p>\n","protected":false},"author":1,"featured_media":7477,"comment_status":"closed","ping_status":"open","sticky":false,"template":"","format":"standard","meta":{"om_disable_all_campaigns":false,"_monsterinsights_skip_tracking":false,"_monsterinsights_sitenote_active":false,"_monsterinsights_sitenote_note":"","_monsterinsights_sitenote_category":0,"footnotes":""},"categories":[17],"tags":[3078,3954,3953,3952],"class_list":["post-7473","post","type-post","status-publish","format-standard","has-post-thumbnail","hentry","category-intervju","tag-intervju","tag-mladi-inovator","tag-personalizovani-orgonit","tag-stefan-unic"],"jetpack_featured_media_url":"https:\/\/www.mladibl.com\/wp-content\/uploads\/2021\/03\/STEFAN-UNI\u0106_-Personalizovani-orgonit-je-budu\u0107nost-21.-veka.jpg","amp_enabled":true,"_links":{"self":[{"href":"https:\/\/www.mladibl.com\/index.php?rest_route=\/wp\/v2\/posts\/7473","targetHints":{"allow":["GET"]}}],"collection":[{"href":"https:\/\/www.mladibl.com\/index.php?rest_route=\/wp\/v2\/posts"}],"about":[{"href":"https:\/\/www.mladibl.com\/index.php?rest_route=\/wp\/v2\/types\/post"}],"author":[{"embeddable":true,"href":"https:\/\/www.mladibl.com\/index.php?rest_route=\/wp\/v2\/users\/1"}],"replies":[{"embeddable":true,"href":"https:\/\/www.mladibl.com\/index.php?rest_route=%2Fwp%2Fv2%2Fcomments&post=7473"}],"version-history":[{"count":2,"href":"https:\/\/www.mladibl.com\/index.php?rest_route=\/wp\/v2\/posts\/7473\/revisions"}],"predecessor-version":[{"id":7479,"href":"https:\/\/www.mladibl.com\/index.php?rest_route=\/wp\/v2\/posts\/7473\/revisions\/7479"}],"wp:featuredmedia":[{"embeddable":true,"href":"https:\/\/www.mladibl.com\/index.php?rest_route=\/wp\/v2\/media\/7477"}],"wp:attachment":[{"href":"https:\/\/www.mladibl.com\/index.php?rest_route=%2Fwp%2Fv2%2Fmedia&parent=7473"}],"wp:term":[{"taxonomy":"category","embeddable":true,"href":"https:\/\/www.mladibl.com\/index.php?rest_route=%2Fwp%2Fv2%2Fcategories&post=7473"},{"taxonomy":"post_tag","embeddable":true,"href":"https:\/\/www.mladibl.com\/index.php?rest_route=%2Fwp%2Fv2%2Ftags&post=7473"}],"curies":[{"name":"wp","href":"https:\/\/api.w.org\/{rel}","templated":true}]}}