{"id":744,"date":"2020-02-19T15:28:29","date_gmt":"2020-02-19T13:28:29","guid":{"rendered":"http:\/\/www.mladibl.com\/?p=744"},"modified":"2020-02-20T15:33:27","modified_gmt":"2020-02-20T13:33:27","slug":"pocela-sedma-konferencija-omladinskog-rada","status":"publish","type":"post","link":"https:\/\/www.mladibl.com\/?p=744","title":{"rendered":"Po\u010dela Sedma konferencija omladinskog rada"},"content":{"rendered":"\n<p>Ministar porodice, omladine i sporta Republike Srpske, Sonja Davidovi\u0107,  otvorila je Konferenciju omladinskog rada &#8220;KORA 7&#8221;, kojoj prisustvuje 70 u\u010desnika, a \u010diji je cilj podr\u0161ka razvoju omladinskog rada i regionalne saradnje.<\/p>\n\n\n\n<p>Davidovi\u0107eva je istakla da je konferencija organizovana s ciljem razvoja partnerstava sa donatorima koji realizacijom razli\u010ditih programa podr\u017eavaju omladinske organizacije i mlade u Srpskoj i BiH, ali i kao podr\u0161ka sprovo\u0111enju Omladinske politike Republike Srpske od 2016. do 2020. godine.<\/p>\n\n\n\n<p>&#8220;Va\u017ean aspekt ove konferencije je ja\u010danje saradnje sa omladinskim organizacijama iz Srbije. Sa Ministarstvom omladine i sporta Srbije imamo odli\u010dnu saradnju, a gosti konferencije su predstavnici Me\u0111unarodne kancelarije za mlade u Nacionalnoj agenciji Belgije za francusko govorno podru\u010dje&#8221;, rekla je Davidovi\u0107eva i naglasila da \u0107e i me\u0111unarodna saradnja u narednom periodu biti intenzivirana.<\/p>\n\n\n\n<p>Dr\u017eavni sekretar u Ministarstvu omladine i sporta Srbije, Darko Stani\u0107, ocijenio je da je saradnja Srpske i Srbije odli\u010dna. &#8220;Saradnju smo krunisali potpisivanjem Memoranduma i Akcionim planom. Ovo je jedna od prvih zajedni\u010dkih akvtivnosti koje su definisane Akcionim planom za saradnju&#8221;, rekao je Stani\u0107.<\/p>\n\n\n\n<p>Koordinator Mre\u017ee omladinskih centara za animiranje, razvoj i trening Republike Srpske \/M.O.C.A.R.T.\/, Biljana Andrijevi\u0107, naglasila je da je potrebno da omladinski centri me\u0111unarodnom saradnjom ja\u010daju kapacitete, \u010dime bi bio unaprije\u0111en omladinski rad.<\/p>\n\n\n\n<p>Konferenciju &#8220;KORA sedam&#8221; organizovali su Ministarstvo porodice, omladine i sporta u saradnji sa Udru\u017eenjem gra\u0111ana &#8220;Perpetuum mobile &#8211; Institut za razvoj mladih i zajednice&#8221; Banjaluka i Mre\u017eom omladinskih centara za animiranje, razvoj i trening Republike Srpske \/M.O.C.A.R.T.\/.<\/p>\n\n\n\n<p>Preuzeto sa: <a href=\"https:\/\/www.vladars.net\/sr-SP-Cyrl\/Vlada\/Ministarstva\/mpos\/media\/vijesti\/Pages\/%D0%9F%D0%BE%D1%87%D0%B5%D0%BB%D0%B0-%D0%A1%D0%B5%D0%B4%D0%BC%D0%B0-%D0%BA%D0%BE%D0%BD%D1%84%D0%B5%D1%80%D0%B5%D0%BD%D1%86%D0%B8%D1%98%D0%B0-%D0%BE%D0%BC%D0%BB%D0%B0%D0%B4%D0%B8%D0%BD%D1%81%D0%BA%D0%BE%D0%B3-%D1%80%D0%B0%D0%B4%D0%B0.aspx\" target=\"_blank\" rel=\"noreferrer noopener\" aria-label=\"Ministarstvo porodice, omladine i sporta (opens in a new tab)\">Ministarstvo porodice, omladine i sporta<\/a><\/p>\n","protected":false},"excerpt":{"rendered":"<p>Ministar porodice, omladine i sporta Republike Srpske, Sonja Davidovi\u0107, otvorila je Konferenciju omladinskog rada &#8220;KORA 7&#8221;, kojoj prisustvuje 70 u\u010desnika,<\/p>\n","protected":false},"author":1,"featured_media":745,"comment_status":"closed","ping_status":"open","sticky":false,"template":"","format":"standard","meta":{"om_disable_all_campaigns":false,"_monsterinsights_skip_tracking":false,"_monsterinsights_sitenote_active":false,"_monsterinsights_sitenote_note":"","_monsterinsights_sitenote_category":0,"footnotes":""},"categories":[2],"tags":[184,289,103,142,89],"class_list":["post-744","post","type-post","status-publish","format-standard","has-post-thumbnail","hentry","category-vijesti","tag-konferencija","tag-kora","tag-mpos","tag-omladinski-rad","tag-perpetuum-mobile"],"jetpack_featured_media_url":"https:\/\/www.mladibl.com\/wp-content\/uploads\/2020\/02\/Po\u010dela-Sedma-konferencija-omladinskog-rada.jpg","amp_enabled":true,"_links":{"self":[{"href":"https:\/\/www.mladibl.com\/index.php?rest_route=\/wp\/v2\/posts\/744","targetHints":{"allow":["GET"]}}],"collection":[{"href":"https:\/\/www.mladibl.com\/index.php?rest_route=\/wp\/v2\/posts"}],"about":[{"href":"https:\/\/www.mladibl.com\/index.php?rest_route=\/wp\/v2\/types\/post"}],"author":[{"embeddable":true,"href":"https:\/\/www.mladibl.com\/index.php?rest_route=\/wp\/v2\/users\/1"}],"replies":[{"embeddable":true,"href":"https:\/\/www.mladibl.com\/index.php?rest_route=%2Fwp%2Fv2%2Fcomments&post=744"}],"version-history":[{"count":1,"href":"https:\/\/www.mladibl.com\/index.php?rest_route=\/wp\/v2\/posts\/744\/revisions"}],"predecessor-version":[{"id":746,"href":"https:\/\/www.mladibl.com\/index.php?rest_route=\/wp\/v2\/posts\/744\/revisions\/746"}],"wp:featuredmedia":[{"embeddable":true,"href":"https:\/\/www.mladibl.com\/index.php?rest_route=\/wp\/v2\/media\/745"}],"wp:attachment":[{"href":"https:\/\/www.mladibl.com\/index.php?rest_route=%2Fwp%2Fv2%2Fmedia&parent=744"}],"wp:term":[{"taxonomy":"category","embeddable":true,"href":"https:\/\/www.mladibl.com\/index.php?rest_route=%2Fwp%2Fv2%2Fcategories&post=744"},{"taxonomy":"post_tag","embeddable":true,"href":"https:\/\/www.mladibl.com\/index.php?rest_route=%2Fwp%2Fv2%2Ftags&post=744"}],"curies":[{"name":"wp","href":"https:\/\/api.w.org\/{rel}","templated":true}]}}