{"id":7432,"date":"2021-03-20T00:44:13","date_gmt":"2021-03-19T22:44:13","guid":{"rendered":"http:\/\/www.mladibl.com\/?p=7432"},"modified":"2021-03-20T00:44:15","modified_gmt":"2021-03-19T22:44:15","slug":"javna-okupljanja-ogranicena-na-30-ljudi-privatna-na-10","status":"publish","type":"post","link":"https:\/\/www.mladibl.com\/?p=7432","title":{"rendered":"Javna okupljanja ograni\u010dena na 30 ljudi, privatna na 10"},"content":{"rendered":"\n<p>\u200bRepubli\u010dki \u0161tab za vanredne situacije poo\u0161trio je odre\u0111ene postoje\u0107e mjere i donio zaklju\u010dke prema kojima se, izme\u0111u ostalog, ograni\u010davaju sva javna okupljanja u grupama ve\u0107im od 30 lica, rekao je danas direktor Instituta za javno zdravstvo Republike Srpske Branislav Zeljkovi\u0107.<\/p>\n\n\n\n<p>Zeljkovi\u0107 ka\u017ee da na privatnim okupljanjima, poput svadbi, kr\u0161tenja, sahrana i sli\u010dno, sada mo\u017ee biti maksimalno 10 lica, te da u narednih sedam dana ostaje zabrana kada je rije\u010d o pru\u017eanju usluga u fitnes-klubovima, ili bilo kakvim djelatnostima tog tipa.<\/p>\n\n\n\n<p>On je rekao da gra\u0111ani treba da se i dalje pridr\u017eavaju mjera u vezi sa virusom korona jer se Republika Srpska nalazi na korak takozvanog <code>zaklju\u010davanja<\/code> pojedinih oblasti \u017eivota i rada.<\/p>\n\n\n\n<p>&#8220;Poseban akcenat je na kontroli pojedinca ili svake osobe koja je du\u017ena po\u0161tovati mjere, poput no\u0161enja za\u0161titne maske u zatvorenom prostoru. Pripadnici MUP-a, komunalne policije i Inspektorata \u0107e na tom planu, uklju\u010duju\u0107i poslovne subjekte, biti mnogo o\u0161triji i rigorozniji jer je do\u0161lo do pada po\u0161tovanja postoje\u0107ih mjera. Dakle, ovo je bukvalno posljednji trenutak da gra\u0111ani podignu odgovornost i svijest o mjerama&#8221;, izjavio je Zeljkovi\u0107 na konferenciji za novinare nakon sjednice Republi\u010dkog \u0161taba za vanredne situacije u Banjaluci.<\/p>\n\n\n\n<p>On je dodao je zabranjena muzika u\u017eivo u ugostiteljskim objektima, kao i vokalno izvo\u0111enje muzike u ustanovama kulture.<\/p>\n\n\n\n<p>&#8220;Tu je i zabrana prodaje alkoholnih pi\u0107a od 22.00 do 6.00 \u010dasova u svim poslovnim subjektima bez obzira kojom djelatno\u0161\u0107u se bave&#8221;, rekao je Zeljkovi\u0107 i dodao da se na\u010din da se kao i fitnes-klubovima zabranjuje rad kulturno-umjetni\u010dkih dru\u0161tava.<\/p>\n\n\n\n<p>Zeljkovi\u0107 je rekao i da \u0107e trgova\u010dki objekti biti du\u017eni da na svojim ulazima nazna\u010de koliko maksimalno osoba mo\u017ee boraviti u njima, te da je propisana mjera za svaku osobu \u010detiri metra kvadratna.<\/p>\n\n\n\n<p>&#8220;I dalje ostaje zabrana organizacije bilo kakvog sportskog takmi\u010denja ili trena\u017enog procesa, osim kada je rije\u010d o sportistima profesionalcima&#8221;, rekao je Zeljkovi\u0107.<\/p>\n\n\n\n<p>On je apelovao na poslodavce, posebno javne ustanove, da organizuju rad od ku\u0107e u skladu sa mogu\u0107nostima da bi se sprije\u010dilo \u0161irenje zaraze.<\/p>\n\n\n\n<p>Kada je rije\u010d o vakcinaciji starijih od 65 godina, Zeljkovi\u0107 je naveo da su pojedini domovi zdravlja to po\u010deli, dok \u0107e drugi taj posao sprovoditi narednih dana.<\/p>\n\n\n\n<p>&#8220;Moramo da \u0161to prije obuhvatimo ovu populaciju koja je najpodlo\u017enija stvaranju te\u0161ke klini\u010dke slike&#8221;, rekao je Zeljkovi\u0107 i upozorio da se pove\u0107ava broj hospitalizovanih.<\/p>\n\n\n\n<p>On je rekao da je Republi\u010dka uprava civilnih poslova sprovesti dezinfekciju u lokalnim zajednicama, posebno onim u kojima je pogor\u0161ana epidemiolo\u0161ka situacija.<\/p>\n\n\n\n<p>&#8220;To pogor\u0161anje imamo u devet gradova i akcenat je na dezinfekciji objekata poput \u0161kola, \u0111a\u010dkih i studentskih domova, vrti\u0107a, dje\u010dijih igrali\u0161ta\u2026&#8221;, rekao je Zeljkovi\u0107.<\/p>\n\n\n\n<p>On je poru\u010dio da \u0107e vlasti Srpske medijski i na sve na\u010dine raditi promociji vakcinacije kao efikasnog na\u010dina za suzbijanje \u0161irenja virusa jer se Republika nalazi u izuzetno te\u0161koj epidemiolo\u0161koj situaciji prema svim parametrima.<\/p>\n\n\n\n<p>&#8220;Ta situacija \u0107e biti i dalje nepovoljna i sa pove\u0107anim brojem zara\u017eenih. Pribli\u017eili smo se broju od 1.000 hospitalizovanih. Testirali smo vi\u0161e od 200.000 lica \u0161to je oko 20 odsto populacije Srpske. Imamo gotovo 2.500 preminulih osoba od virusa. Bitno je da svi shvate da smo pred prekretnicom u kojoj \u0107emo vidjeti u kom pravcu \u0107emo i\u0107i kada je rije\u010d o epidemiolo\u0161koj situaciji&#8221;, upozorio je Zeljkovi\u0107.<\/p>\n\n\n\n<p>On je rekao da treba smanjiti kontakte populacije koja je trenutno najve\u0107i prenosilac virusa, a to su radno stanovni\u0161tvo i lica od 30 i 65 godina.<\/p>\n\n\n\n<p>&#8220;Cilj je da ove osobe u narednom periodu imaju \u0161to manje socijalnih kontakata&#8221;, rekao je Zeljkovi\u0107.<\/p>\n\n\n\n<p>Preuzeto sa: <a href=\"https:\/\/vladars.net\/sr-SP-Cyrl\/Vlada\/media\/vijesti\/Pages\/zeljkovic-na-presu-nakon-72.-sjednice-republickog-staba-za-vanredne-situacije.aspx\" target=\"_blank\" rel=\"noreferrer noopener\" aria-label=\"Vlada Republike Srpske (opens in a new tab)\">Vlada Republike Srpske<\/a><\/p>\n","protected":false},"excerpt":{"rendered":"<p>\u200bRepubli\u010dki \u0161tab za vanredne situacije poo\u0161trio je odre\u0111ene postoje\u0107e mjere i donio zaklju\u010dke prema kojima se, izme\u0111u ostalog, ograni\u010davaju sva<\/p>\n","protected":false},"author":1,"featured_media":7433,"comment_status":"closed","ping_status":"open","sticky":false,"template":"","format":"standard","meta":{"om_disable_all_campaigns":false,"_monsterinsights_skip_tracking":false,"_monsterinsights_sitenote_active":false,"_monsterinsights_sitenote_note":"","_monsterinsights_sitenote_category":0,"footnotes":""},"categories":[2],"tags":[3931,3929,334,3928,3930],"class_list":["post-7432","post","type-post","status-publish","format-standard","has-post-thumbnail","hentry","category-vijesti","tag-10-ljudi","tag-30-ljudi","tag-javna-okupljanja","tag-ogranicena","tag-privatna-okupljanja"],"jetpack_featured_media_url":"https:\/\/www.mladibl.com\/wp-content\/uploads\/2021\/03\/Javna-okupljanja-ograni\u010dena-na-30-ljudi-privatna-na-10.jpg","amp_enabled":true,"_links":{"self":[{"href":"https:\/\/www.mladibl.com\/index.php?rest_route=\/wp\/v2\/posts\/7432","targetHints":{"allow":["GET"]}}],"collection":[{"href":"https:\/\/www.mladibl.com\/index.php?rest_route=\/wp\/v2\/posts"}],"about":[{"href":"https:\/\/www.mladibl.com\/index.php?rest_route=\/wp\/v2\/types\/post"}],"author":[{"embeddable":true,"href":"https:\/\/www.mladibl.com\/index.php?rest_route=\/wp\/v2\/users\/1"}],"replies":[{"embeddable":true,"href":"https:\/\/www.mladibl.com\/index.php?rest_route=%2Fwp%2Fv2%2Fcomments&post=7432"}],"version-history":[{"count":1,"href":"https:\/\/www.mladibl.com\/index.php?rest_route=\/wp\/v2\/posts\/7432\/revisions"}],"predecessor-version":[{"id":7434,"href":"https:\/\/www.mladibl.com\/index.php?rest_route=\/wp\/v2\/posts\/7432\/revisions\/7434"}],"wp:featuredmedia":[{"embeddable":true,"href":"https:\/\/www.mladibl.com\/index.php?rest_route=\/wp\/v2\/media\/7433"}],"wp:attachment":[{"href":"https:\/\/www.mladibl.com\/index.php?rest_route=%2Fwp%2Fv2%2Fmedia&parent=7432"}],"wp:term":[{"taxonomy":"category","embeddable":true,"href":"https:\/\/www.mladibl.com\/index.php?rest_route=%2Fwp%2Fv2%2Fcategories&post=7432"},{"taxonomy":"post_tag","embeddable":true,"href":"https:\/\/www.mladibl.com\/index.php?rest_route=%2Fwp%2Fv2%2Ftags&post=7432"}],"curies":[{"name":"wp","href":"https:\/\/api.w.org\/{rel}","templated":true}]}}