{"id":7325,"date":"2021-03-18T07:43:53","date_gmt":"2021-03-18T05:43:53","guid":{"rendered":"http:\/\/www.mladibl.com\/?p=7325"},"modified":"2021-03-18T07:43:55","modified_gmt":"2021-03-18T05:43:55","slug":"nepovoljna-epidemioloska-situacija-poziv-da-se-postuju-mjere","status":"publish","type":"post","link":"https:\/\/www.mladibl.com\/?p=7325","title":{"rendered":"Nepovoljna epidemiolo\u0161ka situacija: Poziv da se po\u0161tuju mjere"},"content":{"rendered":"\n<p>Epidemiolo\u0161ka situacija u gradu je i dalje nepovoljna, uz pove\u0107an broj novozara\u017eenih, saop\u0161teno je poslije dana\u0161nje sjednice Gradskog \u0161taba za vanredne situacije koji \u0107e, zbog ovakvog stanja, imati novu sjednicu ve\u0107 u petak.<\/p>\n\n\n\n<p>Gradona\u010delnik Dra\u0161ko Stanivukovi\u0107 kazao je da u posljednja dva dana registrovana 289 pozitivnih na korona virus, \u0161to dovodi do ukupno trenutno zara\u017eenih 1.771 osoba, od \u010dega je u posljednjih sedam dana preko 580 zara\u017eenih.<\/p>\n\n\n\n<p>Jo\u0161 jednom je pozvao na po\u0161tovanje mjera, da nosimo maske gdje ima vi\u0161e kontakata, te da se izbjegavaju sva okupljanja kako ne bi do\u0161lo do restriktivnijih mjera od kojih privreda ali i gra\u0111ani strahuju.<\/p>\n\n\n\n<p>\u2013 Imamo i dalje veliki izazov sa tr\u017enim centrima, dolazi mnogo ljudi autobusima iz drugih gradova, zbog \u010dega \u0107e biti poja\u010dan rad inspekcije i komunalne policije \u2013 rekao je Stanivukovi\u0107.<\/p>\n\n\n\n<p>Naglasio je da Banja Luka ostaje na do sada propisanim mjerama.<\/p>\n\n\n\n<p>\u2013 Donijeli smo jedinstven zaklju\u010dak da ukoliko bi se i\u0161lo na poo\u0161travanje mjera u borbi protiv korona virusa, Banja Luka ili neki drugi grad ne treba da djeluju izolovano s obzirom da to da lako dolazi do prelijevanja stanovni\u0161tva iz jedne u drugu lokalnu zajednicu \u2013 kazao je Stanivukovi\u0107, dodaju\u0107i da je ovo prijedlog Republi\u010dkom \u0161tabu za vanredne situacije koji sutra ima sjednicu.<\/p>\n\n\n\n<p>U tom smislu, kako je rekao, prijedlog Gradskog \u0161taba je da na sjednici Stru\u010dno-operativnog dijela Republi\u010dkog \u0161taba prisustvuje i direktorica Doma zdravlja Banja Luka i zamjenik komandanta \u0160taba kako bi prenijeli stanje kada je rije\u010d o Banjoj Luci.<\/p>\n\n\n\n<p>S obzirom na to da se pribli\u017eavaju vaskr\u0161nji praznici, gradona\u010delnik ka\u017ee da bi trebalo da se dodatno obrati pa\u017enja na grani\u010dne prelaze na koje \u0107e biti poja\u010dan pritisak, te da se razmisli o uvo\u0111enju PCR testa ili odre\u0111enom periodu izolacije kako ne bi do\u0161lo do dodatnog pogor\u0161avanja epidemiolo\u0161ke situacije.<\/p>\n\n\n\n<p>Banja Luka se intenzivno priprema za proces vakcinacije, i u opciji za lokaciju jeste vi\u0161e dvorana, \u0161to bi ote\u017ealo trena\u017ene procese u SC Borik.<\/p>\n\n\n\n<p>-Zato je va\u017ena uputa resornom ministarstvu da se koristi odgovaraju\u0107a fiskulturna sala jedne \u0161kole, kako ne bismo imali toliki pritisak na SC Borik \u2013 naveo je on.<\/p>\n\n\n\n<p>Zbog ve\u0107eg broja zara\u017eenih i izazovnije klini\u010dke slike, na dana\u0161njoj sjednici \u0160taba razgovarano je i  o potencijalnom rezervnom planu Doma zdravlja koji se odnosi na druga\u010diji sistem rada u pojedinim ambulantama, o \u010demu \u0107e biti rije\u010di na narednoj sjednici \u0160taba.<\/p>\n\n\n\n<p>Zbog velikog interesa sugra\u0111ana za vakcinaciju, u planu je aktiviranje posebnog telefonskog broja za prijave, a razmi\u0161lja\u0107e se o dodatnoj komunikaciji sa licima i porodicama koje imaju djecu sa pote\u0161ko\u0107ama u razvoju.<\/p>\n\n\n\n<p>Na sjednici u petak, dodatno \u0107e se razmatrati i na\u010din odvijanja nastavnog procesa u \u0161kolama i rad ugostiteljskih objekata tokom vikenda.<\/p>\n\n\n\n<p>Direktorica Doma zdravlja Banja Luka, Nevena Todorovi\u0107 saglasna je da je situacija dodatno pogor\u0161ana.<\/p>\n\n\n\n<p>\u2013 U protekla 24 sata na\u0161e ARI ambulante se javilo vi\u0161e od 500 ljudi sa akutno-respiratornim tegobama i povi\u0161enom temperaturom. Na dnevnom nivou, na\u0161a kovid ambulanta pru\u017ei usluge za 120 lica kojima se pogor\u0161ala klini\u010dka slika. Kako uzimamo ve\u0107i broj testova, dolazimo do zaklju\u010dka da je sve ve\u0107i broj zara\u017eenih i nosilac virusa \u2013 kazala je ona, dodaju\u0107i da su svi kapciteti Doma zdravlja ponovo reorganizovani i stavljeni u funkciju borbe protiv korone.<\/p>\n\n\n\n<p>Kazala je da je ovaj talas donio nova pogor\u0161anja i da je sve ve\u0107i broj pacijenata sa te\u0161kom klini\u010dkom slikom, da se du\u017ee lije\u010de, \u0161to zahtijeva i ve\u0107i broj medicinskih timova.<\/p>\n\n\n\n<p>Masovna vakcinacija, kako je rekla \u2013 o\u010dekuje se kada se zavr\u0161i vakcinacija medicinskih radnika i drugih osoba koja se nalaze u stanju potrebe da im se pru\u017ea zdravstvena njega.<\/p>\n\n\n\n<p>Preuzeto sa: <a href=\"https:\/\/www.banjaluka.rs.ba\/nepovoljna-epidemioloska-situacija-poziv-da-se-postuju-mjere\/\" target=\"_blank\" rel=\"noreferrer noopener\" aria-label=\"Grad Banja Luka (opens in a new tab)\">Grad Banja Luka<\/a><\/p>\n","protected":false},"excerpt":{"rendered":"<p>Epidemiolo\u0161ka situacija u gradu je i dalje nepovoljna, uz pove\u0107an broj novozara\u017eenih, saop\u0161teno je poslije dana\u0161nje sjednice Gradskog \u0161taba za<\/p>\n","protected":false},"author":1,"featured_media":7326,"comment_status":"closed","ping_status":"open","sticky":false,"template":"","format":"standard","meta":{"om_disable_all_campaigns":false,"_monsterinsights_skip_tracking":false,"_monsterinsights_sitenote_active":false,"_monsterinsights_sitenote_note":"","_monsterinsights_sitenote_category":0,"footnotes":""},"categories":[2],"tags":[3875,3874,3680,355],"class_list":["post-7325","post","type-post","status-publish","format-standard","has-post-thumbnail","hentry","category-vijesti","tag-epidemioloska","tag-nepovoljna","tag-postujmo-mjere","tag-poziv"],"jetpack_featured_media_url":"https:\/\/www.mladibl.com\/wp-content\/uploads\/2021\/03\/Nepovoljna-epidemiolo\u0161ka-situacija_-Poziv-da-se-po\u0161tuju-mjere.jpg","amp_enabled":true,"_links":{"self":[{"href":"https:\/\/www.mladibl.com\/index.php?rest_route=\/wp\/v2\/posts\/7325","targetHints":{"allow":["GET"]}}],"collection":[{"href":"https:\/\/www.mladibl.com\/index.php?rest_route=\/wp\/v2\/posts"}],"about":[{"href":"https:\/\/www.mladibl.com\/index.php?rest_route=\/wp\/v2\/types\/post"}],"author":[{"embeddable":true,"href":"https:\/\/www.mladibl.com\/index.php?rest_route=\/wp\/v2\/users\/1"}],"replies":[{"embeddable":true,"href":"https:\/\/www.mladibl.com\/index.php?rest_route=%2Fwp%2Fv2%2Fcomments&post=7325"}],"version-history":[{"count":1,"href":"https:\/\/www.mladibl.com\/index.php?rest_route=\/wp\/v2\/posts\/7325\/revisions"}],"predecessor-version":[{"id":7327,"href":"https:\/\/www.mladibl.com\/index.php?rest_route=\/wp\/v2\/posts\/7325\/revisions\/7327"}],"wp:featuredmedia":[{"embeddable":true,"href":"https:\/\/www.mladibl.com\/index.php?rest_route=\/wp\/v2\/media\/7326"}],"wp:attachment":[{"href":"https:\/\/www.mladibl.com\/index.php?rest_route=%2Fwp%2Fv2%2Fmedia&parent=7325"}],"wp:term":[{"taxonomy":"category","embeddable":true,"href":"https:\/\/www.mladibl.com\/index.php?rest_route=%2Fwp%2Fv2%2Fcategories&post=7325"},{"taxonomy":"post_tag","embeddable":true,"href":"https:\/\/www.mladibl.com\/index.php?rest_route=%2Fwp%2Fv2%2Ftags&post=7325"}],"curies":[{"name":"wp","href":"https:\/\/api.w.org\/{rel}","templated":true}]}}