{"id":726,"date":"2020-02-11T21:08:49","date_gmt":"2020-02-11T19:08:49","guid":{"rendered":"http:\/\/www.mladibl.com\/?p=726"},"modified":"2020-02-11T21:08:52","modified_gmt":"2020-02-11T19:08:52","slug":"poziv-za-aprilske-nagrade-otvoren-do-17-februara","status":"publish","type":"post","link":"https:\/\/www.mladibl.com\/?p=726","title":{"rendered":"Poziv za aprilske nagrade otvoren do 17. februara"},"content":{"rendered":"\n<p>Do 17. februara otvoren je javni poziv za dostavljanje inicijativa za dodjelu nagrada i priznanja povodom 22. aprila \u2013 Dana grada.<\/p>\n\n\n\n<p>Inicijative je potrebno dostaviti Skup\u0161tini grada Banja Luka \u2013 Komisiji za izbor i imenovanja, nagrade i priznanja, na adresu: Trg srpskih vladara broj 1, 78 000 Banja Luka.<\/p>\n\n\n\n<p>Podsje\u0107amo da je komisija objavila 3. februara ovaj javni poziv i da su pozvali sva zainteresovana pravna i fizi\u010dka lica sa podru\u010dja grada Banje Luke da dostave svoje inicijative.<\/p>\n\n\n\n<p>Odlukom o nagradama i priznanjima, ustanovljene su sljede\u0107e nagrade i priznanja:<\/p>\n\n\n\n<ul class=\"wp-block-list\"><li>Klju\u010d Grada Banja Luka, sa Poveljom \u201cPo\u010dasni gra\u0111anin grada Banje Luke\u201d (kao poseban vid priznanja za djela i rad od op\u0161teg zna\u010daja, u svim oblastima stvarala\u0161tva);<\/li><li>Zlatni grb Grada Banja Luka (za izuzetan doprinos u razvoju grada, njegovanju odnosa sa drugim gradovima, za postignute vrhunske rezutlate i uspjehe u oblasti privrede, nauke, kulture, umjetnosti i sporta);<\/li><li>Plaketa Grada Banja Luka (za izuzetna ostvarenja u oblasti obrazovanja, nauke, kulture, umjetnosti, sporta, fizi\u010dke kulture, kao i za izuzetna humana djela i ispoljenu hrabrost), i<\/li><li>Nagrada Grada Banja Luka-mladima (kao poseban vid priznanja, za zna\u010dajna ostvarenja u svim oblastima \u017eivota. A uz nov\u010danu nagradu, dodjeljuje se i diploma).<\/li><\/ul>\n\n\n\n<p>Nagrade i priznanja mogu se dodjeljivati pojedincima, preduze\u0107ima, ustanovama i drugim subjektima.<\/p>\n\n\n\n<p>\u201eKlju\u010d grada\u201c, najve\u0107e gradsko priznanje, pro\u0161le godine dobili su proslavljeni sportista Abas Arslanagi\u0107 i poznati knji\u017eevnik i prevodilac Kolja Mi\u0107evi\u0107.<\/p>\n\n\n\n<p>Kompletan javni poziv mo\u017eete pogledati <a rel=\"noreferrer noopener\" aria-label=\"ovdje (opens in a new tab)\" href=\"http:\/\/www.banjaluka.rs.ba\/wp-content\/uploads\/2020\/01\/Javni-poziv-za-nagrade-povodom-Dana-Grada.pdf\" target=\"_blank\">ovdje<\/a>.<\/p>\n\n\n\n<figure class=\"wp-block-image\"><img loading=\"lazy\" decoding=\"async\" width=\"683\" height=\"1024\" src=\"http:\/\/www.mladibl.com\/wp-content\/uploads\/2020\/02\/Poziv-za-aprilske-nagrade-otvoren-do-17.-februara-683x1024.jpg\" alt=\"\" class=\"wp-image-727\" srcset=\"https:\/\/www.mladibl.com\/wp-content\/uploads\/2020\/02\/Poziv-za-aprilske-nagrade-otvoren-do-17.-februara.jpg 683w, https:\/\/www.mladibl.com\/wp-content\/uploads\/2020\/02\/Poziv-za-aprilske-nagrade-otvoren-do-17.-februara-200x300.jpg 200w\" sizes=\"auto, (max-width: 683px) 100vw, 683px\" \/><\/figure>\n\n\n\n<p>Preuzeto sa: <a href=\"http:\/\/www.banjaluka.rs.ba\/%d0%bf%d0%be%d0%b7%d0%b8%d0%b2-%d0%b7%d0%b0-%d0%b0%d0%bf%d1%80%d0%b8%d0%bb%d1%81%d0%ba%d0%b5-%d0%bd%d0%b0%d0%b3%d1%80%d0%b0%d0%b4%d0%b5-%d0%be%d1%82%d0%b2%d0%be%d1%80%d0%b5%d0%bd-%d0%b4%d0%be-17\/\" target=\"_blank\" rel=\"noreferrer noopener\" aria-label=\"Grad Banja Luka (opens in a new tab)\">Grad Banja Luka<\/a><\/p>\n","protected":false},"excerpt":{"rendered":"<p>Do 17. februara otvoren je javni poziv za dostavljanje inicijativa za dodjelu nagrada i priznanja povodom 22. aprila \u2013 Dana<\/p>\n","protected":false},"author":1,"featured_media":115,"comment_status":"closed","ping_status":"open","sticky":false,"template":"","format":"standard","meta":{"om_disable_all_campaigns":false,"_monsterinsights_skip_tracking":false,"_monsterinsights_sitenote_active":false,"_monsterinsights_sitenote_note":"","_monsterinsights_sitenote_category":0,"footnotes":""},"categories":[11],"tags":[278,279,27],"class_list":["post-726","post","type-post","status-publish","format-standard","has-post-thumbnail","hentry","category-gradbanjaluka","tag-aprilske-nagrade","tag-dan-grada","tag-grad-banja-luka"],"jetpack_featured_media_url":"https:\/\/www.mladibl.com\/wp-content\/uploads\/2019\/10\/grad-banja-luka.png","amp_enabled":true,"_links":{"self":[{"href":"https:\/\/www.mladibl.com\/index.php?rest_route=\/wp\/v2\/posts\/726","targetHints":{"allow":["GET"]}}],"collection":[{"href":"https:\/\/www.mladibl.com\/index.php?rest_route=\/wp\/v2\/posts"}],"about":[{"href":"https:\/\/www.mladibl.com\/index.php?rest_route=\/wp\/v2\/types\/post"}],"author":[{"embeddable":true,"href":"https:\/\/www.mladibl.com\/index.php?rest_route=\/wp\/v2\/users\/1"}],"replies":[{"embeddable":true,"href":"https:\/\/www.mladibl.com\/index.php?rest_route=%2Fwp%2Fv2%2Fcomments&post=726"}],"version-history":[{"count":1,"href":"https:\/\/www.mladibl.com\/index.php?rest_route=\/wp\/v2\/posts\/726\/revisions"}],"predecessor-version":[{"id":728,"href":"https:\/\/www.mladibl.com\/index.php?rest_route=\/wp\/v2\/posts\/726\/revisions\/728"}],"wp:featuredmedia":[{"embeddable":true,"href":"https:\/\/www.mladibl.com\/index.php?rest_route=\/wp\/v2\/media\/115"}],"wp:attachment":[{"href":"https:\/\/www.mladibl.com\/index.php?rest_route=%2Fwp%2Fv2%2Fmedia&parent=726"}],"wp:term":[{"taxonomy":"category","embeddable":true,"href":"https:\/\/www.mladibl.com\/index.php?rest_route=%2Fwp%2Fv2%2Fcategories&post=726"},{"taxonomy":"post_tag","embeddable":true,"href":"https:\/\/www.mladibl.com\/index.php?rest_route=%2Fwp%2Fv2%2Ftags&post=726"}],"curies":[{"name":"wp","href":"https:\/\/api.w.org\/{rel}","templated":true}]}}