{"id":7228,"date":"2021-03-15T09:45:03","date_gmt":"2021-03-15T07:45:03","guid":{"rendered":"http:\/\/www.mladibl.com\/?p=7228"},"modified":"2021-03-15T09:45:05","modified_gmt":"2021-03-15T07:45:05","slug":"online-panel-diskusija-drzavo-pokazi-da-nismo-same","status":"publish","type":"post","link":"https:\/\/www.mladibl.com\/?p=7228","title":{"rendered":"Online panel diskusija: \u201cDr\u017eavo, poka\u017ei da nismo same!\u201d"},"content":{"rendered":"\n<p>Pozivamo sve zainteresovane gra\u0111ane i gra\u0111anke da nam se pridru\u017ee na online panel diskusiji \u201cDr\u017eavo, poka\u017ei da nismo same!\u201d, koju organizujemo kao nastavak aktivnosti koje realizujemo povodom 8. Marta \u2013 Me\u0111unarodnog dana \u017eena. Panel diskusija \u0107e se odr\u017eati 15. marta, od 14.00 do 16.00 sati, putem ZOOM platforme, a panel \u0107ete mo\u0107i pratiti live na na\u0161oj Facebook stranici.<\/p>\n\n\n\n<p>Mnoga istra\u017eivanja i izvje\u0161taji nevladinih organizacija o polo\u017eaju \u017eena, provedena u Bosni i Hercegovini ukazuju na to da veliki broj njih svakodnevno do\u017eivljava razli\u010dite oblike diskrimimacije i nasilja od fizi\u010dkog, psiholo\u0161kog, seksualnog, ekonomskog do institiucionalnog.<\/p>\n\n\n\n<p>Na ovogodi\u0161njem, desetom Osmomartovskom mar\u0161u, ukazivale smo na propuste nadle\u017enih institucija pri postupanju u slu\u010dajevima silovanja i drigih oblika seksualnog nasilja u BiH. Upravo ti propusti institucija koji se ogledaju u neefikasnom i neblagovremenom djelovanju, u izostanku podr\u0161ke, za\u0161tite i pomo\u0107i \u017eenama koje su pre\u017eivjele nasilje, te na koncu u izricanju nesrazmjerno niskih kazni za po\u010dinjeno nasilje obeshrabljuju \u017eene da u ve\u0107em broju prijavljuju isto.<\/p>\n\n\n\n<p>Me\u0111utim, \u017eene su pored toga, svakodnevno izlo\u017eene brojnim drugim oblicima institcionalnog nasilja, od postavljanja u neravnopravan polo\u017eaj prilikom zapo\u0161ljavanja, nejednakih ili nikakvih subvencija za trudnice i porodilje, nasilja na porodu, nedostupnosti adekvatne zdravstvene za\u0161tite, ote\u017eanog prostupa javnim i obrazovnim institucijama za \u017eene sa invaliditetom, do nevo\u0111enja brige o sigurnim ku\u0107ama koje se sve \u010de\u0161\u0107e nalaze na rubu ga\u0161enja.<\/p>\n\n\n\n<p>Iako je Bosna i Hercegovina potpisnica brojnih me\u0111unarodnih konvencija kojima se obavezala da \u0107e stvoriti zakonski i institucinalni okvir koji \u0107e svim \u017eenama osigurati jednako u\u017eivanje prava na socijalnu i zdravstvenu za\u0161titu, jednak pristup obrazovanju i zaposlenju, te za\u0161titu sistema onda kada \u017eene pre\u017eivljavaju neke od gore navedenih oblika nasilja, ta podr\u0161ka i za\u0161tita na\u017ealost, nerijetko izostaje ba\u0161 od onih institucija koje su garanti o\u010duvanja tih prava. U neravnopravnom polo\u017eaju nalaze se posebno osjetljive grupe kao \u0161to su \u017eene \u017ertve porodi\u010dnog i seksualnog nasilja, \u017eene sa invaliditetom, \u017eene Romkinje, trudnice i porodilje itd.<\/p>\n\n\n\n<p>O instirucionalnom nasilju i izostanku podr\u0161ke i za\u0161tite \u017eena od strane nadle\u017enih organa i institucija u Bosnu i Hercegovini razgovara\u0107emo sa na\u0161im panelistkinjama:<\/p>\n\n\n\n<ul class=\"wp-block-list\"><li>Jadranka Mili\u010devi\u0107, Fondacija Cure,<\/li><li>Lana Jaj\u010devi\u0107, Fondacija Udru\u017eene \u017eene,<\/li><li>Jadranka Ru\u017eicic, diplomirana socijalna radnica,<\/li><li>Mubera Hod\u017ei\u0107, Sigurna ku\u0107a.<\/li><li>Panel \u0107e moderirati Azra Berbi\u0107, aktivistkinja i pravnica.<\/li><\/ul>\n\n\n\n<p><strong><a href=\"https:\/\/www.facebook.com\/events\/1653119701546520\/\" target=\"_blank\" rel=\"noreferrer noopener\" aria-label=\"Facebook event (opens in a new tab)\">Facebook event<\/a><\/strong><\/p>\n\n\n\n<p>Preuzeto sa: <a href=\"https:\/\/www.mreza-mira.net\/vijesti\/seminari-treninzi\/online-panel-diskusija-drzavo-pokazi-da-nismo-same\/\" target=\"_blank\" rel=\"noreferrer noopener\" aria-label=\"mreza-mira.net (opens in a new tab)\">mreza-mira.net<\/a><\/p>\n","protected":false},"excerpt":{"rendered":"<p>Pozivamo sve zainteresovane gra\u0111ane i gra\u0111anke da nam se pridru\u017ee na online panel diskusiji \u201cDr\u017eavo, poka\u017ei da nismo same!\u201d, koju<\/p>\n","protected":false},"author":1,"featured_media":7229,"comment_status":"closed","ping_status":"open","sticky":false,"template":"","format":"standard","meta":{"om_disable_all_campaigns":false,"_monsterinsights_skip_tracking":false,"_monsterinsights_sitenote_active":false,"_monsterinsights_sitenote_note":"","_monsterinsights_sitenote_category":0,"footnotes":""},"categories":[6],"tags":[3605,424,676],"class_list":["post-7228","post","type-post","status-publish","format-standard","has-post-thumbnail","hentry","category-dogadjaji","tag-drzavo-pokazi-da-nismo-same","tag-online","tag-panel-diskusija"],"jetpack_featured_media_url":"https:\/\/www.mladibl.com\/wp-content\/uploads\/2021\/03\/Online-panel-diskusija_-\u201cDr\u017eavo-poka\u017ei-da-nismo-same\u201d.jpg","amp_enabled":true,"_links":{"self":[{"href":"https:\/\/www.mladibl.com\/index.php?rest_route=\/wp\/v2\/posts\/7228","targetHints":{"allow":["GET"]}}],"collection":[{"href":"https:\/\/www.mladibl.com\/index.php?rest_route=\/wp\/v2\/posts"}],"about":[{"href":"https:\/\/www.mladibl.com\/index.php?rest_route=\/wp\/v2\/types\/post"}],"author":[{"embeddable":true,"href":"https:\/\/www.mladibl.com\/index.php?rest_route=\/wp\/v2\/users\/1"}],"replies":[{"embeddable":true,"href":"https:\/\/www.mladibl.com\/index.php?rest_route=%2Fwp%2Fv2%2Fcomments&post=7228"}],"version-history":[{"count":1,"href":"https:\/\/www.mladibl.com\/index.php?rest_route=\/wp\/v2\/posts\/7228\/revisions"}],"predecessor-version":[{"id":7230,"href":"https:\/\/www.mladibl.com\/index.php?rest_route=\/wp\/v2\/posts\/7228\/revisions\/7230"}],"wp:featuredmedia":[{"embeddable":true,"href":"https:\/\/www.mladibl.com\/index.php?rest_route=\/wp\/v2\/media\/7229"}],"wp:attachment":[{"href":"https:\/\/www.mladibl.com\/index.php?rest_route=%2Fwp%2Fv2%2Fmedia&parent=7228"}],"wp:term":[{"taxonomy":"category","embeddable":true,"href":"https:\/\/www.mladibl.com\/index.php?rest_route=%2Fwp%2Fv2%2Fcategories&post=7228"},{"taxonomy":"post_tag","embeddable":true,"href":"https:\/\/www.mladibl.com\/index.php?rest_route=%2Fwp%2Fv2%2Ftags&post=7228"}],"curies":[{"name":"wp","href":"https:\/\/api.w.org\/{rel}","templated":true}]}}