{"id":7189,"date":"2021-03-13T09:55:18","date_gmt":"2021-03-13T07:55:18","guid":{"rendered":"http:\/\/www.mladibl.com\/?p=7189"},"modified":"2021-03-13T09:55:21","modified_gmt":"2021-03-13T07:55:21","slug":"prezentacija-programa-za-studente-medicinskog-fakulteta-u-banjoj-luci","status":"publish","type":"post","link":"https:\/\/www.mladibl.com\/?p=7189","title":{"rendered":"Prezentacija programa za studente Medicinskog fakulteta u Banjoj Luci"},"content":{"rendered":"\n<p>Pozivamo studente svih odsjeka i godina Medicinskog fakulteta u Banjoj Luci na prezentaciju programa CAR-a sa posebnim osvrtom na u\u010denje stranih jezika i programa kulturnih razmjena. Doga\u0111aj organizujemo u saradnji sa Savezom studenata Medicinskog fakulteta Banjaluci. <\/p>\n\n\n\n<p>U okviru na\u0161e organizacije imate priliku da usavr\u0161ite 8 stranih jezika od kojih izdvajamo: <\/p>\n\n\n\n<ul class=\"wp-block-list\"><li>njema\u010dki jezik (klasi\u010dni i specijalizovani kursevi za medicinare) <\/li><li>engleski jezik (klasi\u010dni i specijalizovni kursevi za medicinare) <\/li><li>ruski jezik (klasi\u010dni i specijalizovani kursevi)<\/li><li>italijanski jezik (klasi\u010dni i specijalizovani) <\/li><\/ul>\n\n\n\n<p>Ukoliko imate \u017eelju da provedete od 1 do 12 mjeseci u inostranstvu, usavr\u0161ite strani jezik i upoznate novu kulturu za vas smo pripremili programe kulturnih razmjene sa 15 dr\u017eava. <\/p>\n\n\n\n<p>U okviru programa kulturnih razmjena za u\u010desnike je obezbje\u0111en:<\/p>\n\n\n\n<ul class=\"wp-block-list\"><li>besplatan smje\u0161taj i hrana,<\/li><li>d\u017eeparac,<\/li><li>za odre\u0111ene dr\u017eave refundacija putnih tro\u0161kova.<\/li><\/ul>\n\n\n\n<p>Dostupne su kulturne razmjene sa 15 dr\u017eava:<\/p>\n\n\n\n<ul class=\"wp-block-list\"><li>Kinom<\/li><li>Njema\u010dkom<\/li><li>Austrijom<\/li><li>SAD<\/li><li>\u0160panijom<\/li><li>Portugalom<\/li><li>Italijom<\/li><li>Francuskom<\/li><li>Belgijom<\/li><li>\u0160vajcarskom<\/li><li>Irskom<\/li><li>Norve\u0161kom <\/li><li>Danskom <\/li><li>\u0160vedskom <\/li><li>Holandijom <\/li><\/ul>\n\n\n\n<p>Vi\u0161e informacija o programima mo\u017eete da pogledate <strong><a href=\"https:\/\/www.centarzaafirmacijuirazvoj.org\/programi-kulturne-razmjene-posjeti-kinu-njemacku-sad-spaniju-francusku\/\" target=\"_blank\" rel=\"noreferrer noopener\" aria-label=\"OVDJE (opens in a new tab)\">OVDJE<\/a><\/strong> <\/p>\n\n\n\n<p>U toku info dana \u0107ete saznati:<\/p>\n\n\n\n<ul class=\"wp-block-list\"><li>vi\u0161e o kursevima stranih jezika <\/li><li>kako da aplicirate na programe<\/li><li>koji su uslovi za prijavu na programe<\/li><\/ul>\n\n\n\n<p>Gde i kada?<\/p>\n\n\n\n<ul class=\"wp-block-list\"><li>ponedjeljak, 22. mart u 18.00 \u010dasova<\/li><li>Medicinski fakultet u Banjaluci (I sprat) <\/li><\/ul>\n\n\n\n<p>Va\u017eno<\/p>\n\n\n\n<ul class=\"wp-block-list\"><li>prisutni ostvaruju 10% popusta ukoliko se odlu\u010de na poha\u0111anje nastave stranih jezika a 5% na programe kulturnih razmjena<\/li><li>rezervacija mjesta je obavezna<\/li><li>prezentacija je besplatna i otvorenog tipa<\/li><li>broj mjesta je ograni\u010den<\/li><\/ul>\n\n\n\n<p>Rezervi\u0161ite mjesto tako \u0161to \u0107ete ispuniti online formular u nastavku. Posle toga dobi\u0107ete na mejl potvrdu da ste se uspe\u0161no prijavili, tako da OBAVEZNO proverite inbox mejla.<\/p>\n\n\n\n<p><strong><a href=\"https:\/\/www.centarzaafirmacijuirazvoj.org\/2021\/03\/12\/kulturne-razmjene-sa-11-drzava-info-dan-na-medicinskom-fakultetu\/\" target=\"_blank\" rel=\"noreferrer noopener\" aria-label=\"Online formular (opens in a new tab)\">Online formular<\/a><\/strong><\/p>\n\n\n\n<p>Preuzeto sa: <a href=\"https:\/\/www.centarzaafirmacijuirazvoj.org\/2021\/03\/12\/kulturne-razmjene-sa-11-drzava-info-dan-na-medicinskom-fakultetu\/\" target=\"_blank\" rel=\"noreferrer noopener\" aria-label=\"Centar za afirmaciju i razvoj (opens in a new tab)\">Centar za afirmaciju i razvoj<\/a><\/p>\n","protected":false},"excerpt":{"rendered":"<p>Pozivamo studente svih odsjeka i godina Medicinskog fakulteta u Banjoj Luci na prezentaciju programa CAR-a sa posebnim osvrtom na u\u010denje<\/p>\n","protected":false},"author":1,"featured_media":7190,"comment_status":"closed","ping_status":"open","sticky":false,"template":"","format":"standard","meta":{"om_disable_all_campaigns":false,"_monsterinsights_skip_tracking":false,"_monsterinsights_sitenote_active":false,"_monsterinsights_sitenote_note":"","_monsterinsights_sitenote_category":0,"footnotes":""},"categories":[6],"tags":[53,1959,2940,1141,3171,62,2464],"class_list":["post-7189","post","type-post","status-publish","format-standard","has-post-thumbnail","hentry","category-dogadjaji","tag-banja-luka","tag-medicinski-fakultet","tag-prezentacija","tag-programi","tag-strani-jezici","tag-studenti","tag-ucenje"],"jetpack_featured_media_url":"https:\/\/www.mladibl.com\/wp-content\/uploads\/2021\/03\/Prezentacija-programa-za-studente-Medicinskog-fakulteta-u-Banjoj-Luci.jpg","amp_enabled":true,"_links":{"self":[{"href":"https:\/\/www.mladibl.com\/index.php?rest_route=\/wp\/v2\/posts\/7189","targetHints":{"allow":["GET"]}}],"collection":[{"href":"https:\/\/www.mladibl.com\/index.php?rest_route=\/wp\/v2\/posts"}],"about":[{"href":"https:\/\/www.mladibl.com\/index.php?rest_route=\/wp\/v2\/types\/post"}],"author":[{"embeddable":true,"href":"https:\/\/www.mladibl.com\/index.php?rest_route=\/wp\/v2\/users\/1"}],"replies":[{"embeddable":true,"href":"https:\/\/www.mladibl.com\/index.php?rest_route=%2Fwp%2Fv2%2Fcomments&post=7189"}],"version-history":[{"count":1,"href":"https:\/\/www.mladibl.com\/index.php?rest_route=\/wp\/v2\/posts\/7189\/revisions"}],"predecessor-version":[{"id":7191,"href":"https:\/\/www.mladibl.com\/index.php?rest_route=\/wp\/v2\/posts\/7189\/revisions\/7191"}],"wp:featuredmedia":[{"embeddable":true,"href":"https:\/\/www.mladibl.com\/index.php?rest_route=\/wp\/v2\/media\/7190"}],"wp:attachment":[{"href":"https:\/\/www.mladibl.com\/index.php?rest_route=%2Fwp%2Fv2%2Fmedia&parent=7189"}],"wp:term":[{"taxonomy":"category","embeddable":true,"href":"https:\/\/www.mladibl.com\/index.php?rest_route=%2Fwp%2Fv2%2Fcategories&post=7189"},{"taxonomy":"post_tag","embeddable":true,"href":"https:\/\/www.mladibl.com\/index.php?rest_route=%2Fwp%2Fv2%2Ftags&post=7189"}],"curies":[{"name":"wp","href":"https:\/\/api.w.org\/{rel}","templated":true}]}}