{"id":7183,"date":"2021-03-13T09:39:06","date_gmt":"2021-03-13T07:39:06","guid":{"rendered":"http:\/\/www.mladibl.com\/?p=7183"},"modified":"2021-03-13T09:39:07","modified_gmt":"2021-03-13T07:39:07","slug":"studenti-socijalnog-rada-u-posjeti-ministarstvu","status":"publish","type":"post","link":"https:\/\/www.mladibl.com\/?p=7183","title":{"rendered":"Studenti socijalnog rada u posjeti Ministarstvu"},"content":{"rendered":"\n<p>\u200bVr\u0161ilac du\u017enosti pomo\u0107nika ministra za Resor socijalne, porodi\u010dne i dje\u010dije za\u0161tite Vladimir Makari\u0107 sa saradnicima razgovarao je danas sa predstavnicima Unije studenata socijalnog rada iz Banjaluke povodom Me\u0111unarodnog dana socijalnog rada koji se obilje\u017eava 16. marta. <\/p>\n\n\n\n<p>Tokom razgovora predstavnici Ministarstva zdravlja i socijalne za\u0161tite Republike Srpske upoznali su studentske predstavnike sa nadle\u017enostima i poslovima koji se svakodnevno obavljaju u resoru socijalne za\u0161tite, a razgovaralo se i o va\u017enosti uloge socijalnih radnika u dru\u0161tvu.<\/p>\n\n\n\n<p>Vr\u0161ilac du\u017enosti pomo\u0107nika ministra Vladimir Makari\u0107 naglasio je da su socijalni radnici, kao i drugi stru\u010dni radnici u sistemu socijalne za\u0161tite u Republici Srpskoj tako\u0111e podnijeli veliki teret od po\u010detka pandemije virusa korona. <\/p>\n\n\n\n<p>Studenti socijalnog rada na Fakultetu politi\u010dkih nauka Univerziteta u Banjoj Luci zahvalili su Ministarstvu zdravlja i socijalne za\u0161tite Republike Srpske za dobru dosada\u0161nju saradnju sa Unijom studenata socijalnog rada, isti\u010du\u0107i da je cilj ove organizacije da se ta saradnja nastavi, kako bi sami studenti bili aktivni i tokom \u0161kolovanja, ja\u010dali svoje kapacitete, ali i da bi se promovisale vrijednosti socijalnog rada, a posebno preventivni rad. <\/p>\n\n\n\n<p>Predsjednik Unije \u0110or\u0111ije Ka\u0161ikovi\u0107 naglasio je i da studenti \u017eele da stave do znanja da dobijaju kvalitetno obrazovanje u Republici Srpskoj, te da mogu da daju svoj doprinos razvoju oblasti socijalnog rada.<\/p>\n\n\n\n<p>Preuzeto sa: <a href=\"https:\/\/vladars.net\/sr-SP-Cyrl\/Vlada\/Ministarstva\/MZSZ\/media\/vijesti\/Pages\/sastanak-sa-studentima-socijalnog-rada.aspx\" target=\"_blank\" rel=\"noreferrer noopener\" aria-label=\"Ministarstvo zdravlja i socijalne za\u0161tite (opens in a new tab)\">Ministarstvo zdravlja i socijalne za\u0161tite<\/a><\/p>\n","protected":false},"excerpt":{"rendered":"<p>\u200bVr\u0161ilac du\u017enosti pomo\u0107nika ministra za Resor socijalne, porodi\u010dne i dje\u010dije za\u0161tite Vladimir Makari\u0107 sa saradnicima razgovarao je danas sa predstavnicima<\/p>\n","protected":false},"author":1,"featured_media":7184,"comment_status":"closed","ping_status":"open","sticky":false,"template":"","format":"standard","meta":{"om_disable_all_campaigns":false,"_monsterinsights_skip_tracking":false,"_monsterinsights_sitenote_active":false,"_monsterinsights_sitenote_note":"","_monsterinsights_sitenote_category":0,"footnotes":""},"categories":[31],"tags":[1600,1357,3783,3784,3782],"class_list":["post-7183","post","type-post","status-publish","format-standard","has-post-thumbnail","hentry","category-ministarstva","tag-medunarodni-dan","tag-ministarstvo","tag-posjeta","tag-socijalna-zastita","tag-socijalni-rad"],"jetpack_featured_media_url":"https:\/\/www.mladibl.com\/wp-content\/uploads\/2021\/03\/Studenti-socijalnog-rada-u-posjeti-Ministarstvu.jpg","amp_enabled":true,"_links":{"self":[{"href":"https:\/\/www.mladibl.com\/index.php?rest_route=\/wp\/v2\/posts\/7183","targetHints":{"allow":["GET"]}}],"collection":[{"href":"https:\/\/www.mladibl.com\/index.php?rest_route=\/wp\/v2\/posts"}],"about":[{"href":"https:\/\/www.mladibl.com\/index.php?rest_route=\/wp\/v2\/types\/post"}],"author":[{"embeddable":true,"href":"https:\/\/www.mladibl.com\/index.php?rest_route=\/wp\/v2\/users\/1"}],"replies":[{"embeddable":true,"href":"https:\/\/www.mladibl.com\/index.php?rest_route=%2Fwp%2Fv2%2Fcomments&post=7183"}],"version-history":[{"count":1,"href":"https:\/\/www.mladibl.com\/index.php?rest_route=\/wp\/v2\/posts\/7183\/revisions"}],"predecessor-version":[{"id":7185,"href":"https:\/\/www.mladibl.com\/index.php?rest_route=\/wp\/v2\/posts\/7183\/revisions\/7185"}],"wp:featuredmedia":[{"embeddable":true,"href":"https:\/\/www.mladibl.com\/index.php?rest_route=\/wp\/v2\/media\/7184"}],"wp:attachment":[{"href":"https:\/\/www.mladibl.com\/index.php?rest_route=%2Fwp%2Fv2%2Fmedia&parent=7183"}],"wp:term":[{"taxonomy":"category","embeddable":true,"href":"https:\/\/www.mladibl.com\/index.php?rest_route=%2Fwp%2Fv2%2Fcategories&post=7183"},{"taxonomy":"post_tag","embeddable":true,"href":"https:\/\/www.mladibl.com\/index.php?rest_route=%2Fwp%2Fv2%2Ftags&post=7183"}],"curies":[{"name":"wp","href":"https:\/\/api.w.org\/{rel}","templated":true}]}}