{"id":7180,"date":"2021-03-13T09:32:36","date_gmt":"2021-03-13T07:32:36","guid":{"rendered":"http:\/\/www.mladibl.com\/?p=7180"},"modified":"2021-03-13T09:32:38","modified_gmt":"2021-03-13T07:32:38","slug":"bravo-nole-banja-luka-ponosna-na-prvog-covjeka-svijeta","status":"publish","type":"post","link":"https:\/\/www.mladibl.com\/?p=7180","title":{"rendered":"\u201eBravo Nole!\u201c: Banja Luka ponosna na prvog \u010dovjeka svijeta"},"content":{"rendered":"\n<p>Grad Banja Luka pridru\u017eio se gradovima i op\u0161tinama u regionu koji ovih dana pru\u017eaju podr\u0161ku najboljem teniseru svijeta, Novaku \u0110okovi\u0107u.<\/p>\n\n\n\n<p>Nakon je \u0161to \u0110okovi\u0107 zvani\u010dno postao rekorder po broju nedjelja (311) provedenih na prvom mjestu ATP liste, Grad mu se na simboli\u010dan na\u010din zahvalio na bilbordu kod prijedorske petlje.<\/p>\n\n\n\n<p>\u2013Cilj u tenisu mi je da budem prvak \u2013 poruka je koja je napisana na bilbordu podr\u0161ke, a koja je ujedno i izjava \u0110okovi\u0107a kada je imao sedam godina.<\/p>\n\n\n\n<p>Vi\u0161e od dvije decenije poslije, \u0110okovi\u0107 obara sve rekorde. Prvi je teniser svijeta, veliki humanitarac, patriota, ambasador dobre volje UNICEF-a i \u010dovjek kome se divi cijeli svijet.<\/p>\n\n\n\n<p>\u0110okovi\u0107 je Banjoj Luci mnogo puta pomogao raznim donacijama, a 2015. godine dobio je \u201eKlju\u010d grada\u201c sa Poveljom \u201ePo\u010dasni gra\u0111anin\u201c Grada Banje Luke.<\/p>\n\n\n\n<p>Preuzeto sa: <a href=\"https:\/\/www.banjaluka.rs.ba\/bravo-nole-banja-luka-ponosna-na-prvog-covjeka-svijeta\/\" target=\"_blank\" rel=\"noreferrer noopener\" aria-label=\"Grad Banja Luka (opens in a new tab)\">Grad Banja Luka<\/a><\/p>\n","protected":false},"excerpt":{"rendered":"<p>Grad Banja Luka pridru\u017eio se gradovima i op\u0161tinama u regionu koji ovih dana pru\u017eaju podr\u0161ku najboljem teniseru svijeta, Novaku \u0110okovi\u0107u.<\/p>\n","protected":false},"author":1,"featured_media":7181,"comment_status":"closed","ping_status":"open","sticky":false,"template":"","format":"standard","meta":{"om_disable_all_campaigns":false,"_monsterinsights_skip_tracking":false,"_monsterinsights_sitenote_active":false,"_monsterinsights_sitenote_note":"","_monsterinsights_sitenote_category":0,"footnotes":""},"categories":[2],"tags":[53,3779,3781,3780],"class_list":["post-7180","post","type-post","status-publish","format-standard","has-post-thumbnail","hentry","category-vijesti","tag-banja-luka","tag-bravo-nole","tag-novak-dokovic","tag-ponosni"],"jetpack_featured_media_url":"https:\/\/www.mladibl.com\/wp-content\/uploads\/2021\/03\/\u201eBravo-Nole\u201c_-Banja-Luka-ponosna-na-prvog-\u010dovjeka-svijeta.jpg","amp_enabled":true,"_links":{"self":[{"href":"https:\/\/www.mladibl.com\/index.php?rest_route=\/wp\/v2\/posts\/7180","targetHints":{"allow":["GET"]}}],"collection":[{"href":"https:\/\/www.mladibl.com\/index.php?rest_route=\/wp\/v2\/posts"}],"about":[{"href":"https:\/\/www.mladibl.com\/index.php?rest_route=\/wp\/v2\/types\/post"}],"author":[{"embeddable":true,"href":"https:\/\/www.mladibl.com\/index.php?rest_route=\/wp\/v2\/users\/1"}],"replies":[{"embeddable":true,"href":"https:\/\/www.mladibl.com\/index.php?rest_route=%2Fwp%2Fv2%2Fcomments&post=7180"}],"version-history":[{"count":1,"href":"https:\/\/www.mladibl.com\/index.php?rest_route=\/wp\/v2\/posts\/7180\/revisions"}],"predecessor-version":[{"id":7182,"href":"https:\/\/www.mladibl.com\/index.php?rest_route=\/wp\/v2\/posts\/7180\/revisions\/7182"}],"wp:featuredmedia":[{"embeddable":true,"href":"https:\/\/www.mladibl.com\/index.php?rest_route=\/wp\/v2\/media\/7181"}],"wp:attachment":[{"href":"https:\/\/www.mladibl.com\/index.php?rest_route=%2Fwp%2Fv2%2Fmedia&parent=7180"}],"wp:term":[{"taxonomy":"category","embeddable":true,"href":"https:\/\/www.mladibl.com\/index.php?rest_route=%2Fwp%2Fv2%2Fcategories&post=7180"},{"taxonomy":"post_tag","embeddable":true,"href":"https:\/\/www.mladibl.com\/index.php?rest_route=%2Fwp%2Fv2%2Ftags&post=7180"}],"curies":[{"name":"wp","href":"https:\/\/api.w.org\/{rel}","templated":true}]}}