{"id":7150,"date":"2021-03-12T09:02:30","date_gmt":"2021-03-12T07:02:30","guid":{"rendered":"http:\/\/www.mladibl.com\/?p=7150"},"modified":"2021-03-12T09:02:31","modified_gmt":"2021-03-12T07:02:31","slug":"republicki-stab-produzene-mjere-u-srpskoj","status":"publish","type":"post","link":"https:\/\/www.mladibl.com\/?p=7150","title":{"rendered":"Republi\u010dki \u0161tab: Produ\u017eene mjere u Srpskoj"},"content":{"rendered":"\n<p>Republi\u010dki \u0161tab za vanredne situacije produ\u017eio je dosada\u0161nje mjere za reagovanje na pojavu bolesti izazvane novim virusom korona (COVID-19) u Republici Srpskoj do 18. marta 2021. godine, saop\u0161teno je nakon sjednice u Banjaluci.<\/p>\n\n\n\n<p>Republi\u010dki \u0161tab za vanredne situacije je razmatrao epidemiolo\u0161ku situaciju u Republici Srpskoj, te<\/p>\n\n\n\n<p>konstatovao da je pogor\u0161ana epidemiolo\u0161ka situacija u Banjaluci, Bijeljini, Trebinju i Isto\u010dnom Sarajevu.<\/p>\n\n\n\n<p>\u0160tab je, navodi se, izdao naredbu gradskim i op\u0161tinskim \u0161tabovima za vanredne situacije u gradovima i op\u0161tinama gdje je pogor\u0161ana epidemiolo\u0161ka situacija da hitno preuzmu sve mjere iz svoje nadle\u017enosti po pitanju suzbijanja \u0161irenja virusa korona i da o tome, u narednih 48 \u010dasova, obavijeste Republi\u010dki \u0161tab za vanredne situacije.<\/p>\n\n\n\n<p>Tako\u0111e, u narednih nekoliko dana \u0160tab \u0107e organizovati sastanke sa svim komandantima gradskih i op\u0161tinskih \u0161tabova za vanredne situacije.<\/p>\n\n\n\n<p>&#8220;Republi\u010dki \u0161tab za venredne situacije danas je izdao i naredbu Stru\u010dnom operativnom timu (SOT) da intenzivira svoj rad shodno pogor\u0161anju epidemiolo\u0161ke situacije u Republici Srpskoj. Ovo se odnosi na stalno zasjedanje, prikupljanje izvje\u0161taja od gradskih i op\u0161tinskih \u0161tabova, analiziranje i pripremanje informacija, te redovno izvje\u0161tavanje Republi\u010dkog \u0161taba za vanredne situacije&#8221;, navodi se u saop\u0161tenju.<\/p>\n\n\n\n<p>U prethodnih 24 \u010dasa, u Republici Srpskoj na virus SARS-CoV-2 je testirano 1.188 uzoraka, a infekcija je potvr\u0111ena kod 407 lica (34% od testiranih).<\/p>\n\n\n\n<p>Najve\u0107i broj lica \u010dija je infekcija SARS-Cov-2 potvr\u0111ena PCR testiranjem je u grupi lica od 30-49 godina<\/p>\n\n\n\n<p>Preuzeto sa: <a href=\"https:\/\/www.nezavisne.com\/novosti\/drustvo\/Republicki-stab-Produzene-mjere-u-Srpskoj\/650761\" target=\"_blank\" rel=\"noreferrer noopener\" aria-label=\"nezavisne.com (opens in a new tab)\">nezavisne.com<\/a><\/p>\n","protected":false},"excerpt":{"rendered":"<p>Republi\u010dki \u0161tab za vanredne situacije produ\u017eio je dosada\u0161nje mjere za reagovanje na pojavu bolesti izazvane novim virusom korona (COVID-19) u<\/p>\n","protected":false},"author":1,"featured_media":7151,"comment_status":"closed","ping_status":"open","sticky":false,"template":"","format":"standard","meta":{"om_disable_all_campaigns":false,"_monsterinsights_skip_tracking":false,"_monsterinsights_sitenote_active":false,"_monsterinsights_sitenote_note":"","_monsterinsights_sitenote_category":0,"footnotes":""},"categories":[2],"tags":[444,3767,559,130],"class_list":["post-7150","post","type-post","status-publish","format-standard","has-post-thumbnail","hentry","category-vijesti","tag-covid-19","tag-produzene-mjere","tag-republicki-stab","tag-republika-srpska"],"jetpack_featured_media_url":"https:\/\/www.mladibl.com\/wp-content\/uploads\/2021\/03\/Republi\u010dki-\u0161tab_-Produ\u017eene-mjere-u-Srpskoj.jpg","amp_enabled":true,"_links":{"self":[{"href":"https:\/\/www.mladibl.com\/index.php?rest_route=\/wp\/v2\/posts\/7150","targetHints":{"allow":["GET"]}}],"collection":[{"href":"https:\/\/www.mladibl.com\/index.php?rest_route=\/wp\/v2\/posts"}],"about":[{"href":"https:\/\/www.mladibl.com\/index.php?rest_route=\/wp\/v2\/types\/post"}],"author":[{"embeddable":true,"href":"https:\/\/www.mladibl.com\/index.php?rest_route=\/wp\/v2\/users\/1"}],"replies":[{"embeddable":true,"href":"https:\/\/www.mladibl.com\/index.php?rest_route=%2Fwp%2Fv2%2Fcomments&post=7150"}],"version-history":[{"count":1,"href":"https:\/\/www.mladibl.com\/index.php?rest_route=\/wp\/v2\/posts\/7150\/revisions"}],"predecessor-version":[{"id":7152,"href":"https:\/\/www.mladibl.com\/index.php?rest_route=\/wp\/v2\/posts\/7150\/revisions\/7152"}],"wp:featuredmedia":[{"embeddable":true,"href":"https:\/\/www.mladibl.com\/index.php?rest_route=\/wp\/v2\/media\/7151"}],"wp:attachment":[{"href":"https:\/\/www.mladibl.com\/index.php?rest_route=%2Fwp%2Fv2%2Fmedia&parent=7150"}],"wp:term":[{"taxonomy":"category","embeddable":true,"href":"https:\/\/www.mladibl.com\/index.php?rest_route=%2Fwp%2Fv2%2Fcategories&post=7150"},{"taxonomy":"post_tag","embeddable":true,"href":"https:\/\/www.mladibl.com\/index.php?rest_route=%2Fwp%2Fv2%2Ftags&post=7150"}],"curies":[{"name":"wp","href":"https:\/\/api.w.org\/{rel}","templated":true}]}}