{"id":703,"date":"2020-01-16T14:41:50","date_gmt":"2020-01-16T12:41:50","guid":{"rendered":"http:\/\/www.mladibl.com\/?p=703"},"modified":"2020-01-20T14:44:37","modified_gmt":"2020-01-20T12:44:37","slug":"raspisan-javni-poziv-za-projekte-mjesnih-zajednica","status":"publish","type":"post","link":"https:\/\/www.mladibl.com\/?p=703","title":{"rendered":"Raspisan javni poziv za projekte mjesnih zajednica"},"content":{"rendered":"\n<p>Grad Banja Luka je raspisao javni poziv za dodjelu sredstava za podr\u0161ku projektima mjesnih zajednica na ure\u0111enju prostora, soap\u0161teno je iz Odjeljenja za op\u0161tu upravu.<\/p>\n\n\n\n<p>Kako navode iz ovog odjeljenja, za projekte u mjesnim zajednicama, ove godine je predvi\u0111eno 171.000 maraka, \u0161to je za 20.000 vi\u0161e nego prethodne godine.<\/p>\n\n\n\n<blockquote class=\"wp-block-quote is-layout-flow wp-block-quote-is-layout-flow\"><p>Rije\u010d je o projektima koji se odnose na rje\u0161avanje manjih infrastrukturnih radova na podru\u010dju mjesne zajednice kaio \u0161to su spolja\u0161nje i unutra\u0161nje ure\u0111enje objekata mjesnih zajednica, ure\u0111enje dvori\u0161ta mjesnih zajednica, kao i ure\u0111enje zna\u010dajnih objekata i okoline tih objekata na podru\u010dju mjesne zajednice \u2013 ka\u017ee Sanja Pavlovi\u0107, na\u010delnik Odjeljenja za op\u0161tu upravu.<\/p><\/blockquote>\n\n\n\n<p>Ona dodaje da \u0107e maksimalan iznos po pojedina\u010dnom projektu biti 3.000 KM, \u0161to je vi\u0161e za 500 maraka, u odnosu na prethodne godine. Prema rije\u010dima Sanje Pavlovi\u0107, pro\u0161le godine realizovane su brojne aktivnosti po mjesnim zajednicama u okviru ovog projekta, kao \u0161to su nabavka ra\u010dunarske opreme, sanacija prostorija mjesnih zajednica, ure\u0111enje dvor\u0161ta, sanacija ograda oko \u0161kola i sli\u010dno.<\/p>\n\n\n\n<blockquote class=\"wp-block-quote is-layout-flow wp-block-quote-is-layout-flow\"><p>Manjim projektima ure\u0111enja prostora i nabavke potrebne opreme u banjalu\u010dkim mjesnim zajednicama, nastoji se u svakoj od 57 banjalu\u010dkih mjesnih zajednica rije\u0161iti poneki problem. Sve aktivnosti u okviru projekta predla\u017ei sami mje\u0161tani, odnosno njihovi predstavnici u savjetima mjesnih zajednica \u2013 rekla je Sanja Pavlovi\u0107.<\/p><\/blockquote>\n\n\n\n<p>Pravo u\u010de\u0161\u0107a na javnom pozivu imaju svi savjeti mjesnih zajednica sa podru\u010dja grada Banje Luke, a svaki savjet mjesne zajednice ima pravo da predlo\u017ei najvi\u0161e dva projekta.<\/p>\n\n\n\n<p>Prijave, sa svom potrebnom dokumentacijom, podnose se na propisanom obrascu na protokol Gradske uprave (kancelarija broj 14).<\/p>\n\n\n\n<p>Konkurs je otvoren do 14. februara 2020. godine, a sve detalje konkura mo\u017eete pogledati <a href=\"http:\/\/www.banjaluka.rs.ba\/javne_nabavke\/%d1%98%d0%b0%d0%b2%d0%bd%d0%b8-%d0%bf%d0%be%d0%b7%d0%b8%d0%b2-%d0%b7%d0%b0-%d0%b4%d0%be%d0%b4%d1%98%d0%b5%d0%bb%d1%83-%d1%81%d1%80%d0%b5%d0%b4%d1%81%d1%82%d0%b0%d0%b2%d0%b0-%d0%b7%d0%b0-%d0%bf%d0%be-2\/\" target=\"_blank\" rel=\"noreferrer noopener\" aria-label=\"OVDJE (opens in a new tab)\">OVDJE<\/a>.<\/p>\n\n\n\n<p>Preuzeto sa: <a href=\"http:\/\/www.banjaluka.rs.ba\/%d1%80%d0%b0%d1%81%d0%bf%d0%b8%d1%81%d0%b0%d0%bd-%d1%98%d0%b0%d0%b2%d0%bd%d0%b8-%d0%bf%d0%be%d0%b7%d0%b8%d0%b2-%d0%b7%d0%b0-%d0%bf%d1%80%d0%be%d1%98%d0%b5%d0%ba%d1%82%d0%b5-%d0%bc%d1%98%d0%b5%d1%81\/\" target=\"_blank\" rel=\"noreferrer noopener\" aria-label=\"Grad Banja Luka (opens in a new tab)\">Grad Banja Luka<\/a><\/p>\n","protected":false},"excerpt":{"rendered":"<p>Grad Banja Luka je raspisao javni poziv za dodjelu sredstava za podr\u0161ku projektima mjesnih zajednica na ure\u0111enju prostora, soap\u0161teno je<\/p>\n","protected":false},"author":1,"featured_media":115,"comment_status":"closed","ping_status":"open","sticky":false,"template":"","format":"standard","meta":{"om_disable_all_campaigns":false,"_monsterinsights_skip_tracking":false,"_monsterinsights_sitenote_active":false,"_monsterinsights_sitenote_note":"","_monsterinsights_sitenote_category":0,"footnotes":""},"categories":[11],"tags":[27,218,267],"class_list":["post-703","post","type-post","status-publish","format-standard","has-post-thumbnail","hentry","category-gradbanjaluka","tag-grad-banja-luka","tag-javni-poziv","tag-mjesne-zajednice"],"jetpack_featured_media_url":"https:\/\/www.mladibl.com\/wp-content\/uploads\/2019\/10\/grad-banja-luka.png","amp_enabled":true,"_links":{"self":[{"href":"https:\/\/www.mladibl.com\/index.php?rest_route=\/wp\/v2\/posts\/703","targetHints":{"allow":["GET"]}}],"collection":[{"href":"https:\/\/www.mladibl.com\/index.php?rest_route=\/wp\/v2\/posts"}],"about":[{"href":"https:\/\/www.mladibl.com\/index.php?rest_route=\/wp\/v2\/types\/post"}],"author":[{"embeddable":true,"href":"https:\/\/www.mladibl.com\/index.php?rest_route=\/wp\/v2\/users\/1"}],"replies":[{"embeddable":true,"href":"https:\/\/www.mladibl.com\/index.php?rest_route=%2Fwp%2Fv2%2Fcomments&post=703"}],"version-history":[{"count":1,"href":"https:\/\/www.mladibl.com\/index.php?rest_route=\/wp\/v2\/posts\/703\/revisions"}],"predecessor-version":[{"id":704,"href":"https:\/\/www.mladibl.com\/index.php?rest_route=\/wp\/v2\/posts\/703\/revisions\/704"}],"wp:featuredmedia":[{"embeddable":true,"href":"https:\/\/www.mladibl.com\/index.php?rest_route=\/wp\/v2\/media\/115"}],"wp:attachment":[{"href":"https:\/\/www.mladibl.com\/index.php?rest_route=%2Fwp%2Fv2%2Fmedia&parent=703"}],"wp:term":[{"taxonomy":"category","embeddable":true,"href":"https:\/\/www.mladibl.com\/index.php?rest_route=%2Fwp%2Fv2%2Fcategories&post=703"},{"taxonomy":"post_tag","embeddable":true,"href":"https:\/\/www.mladibl.com\/index.php?rest_route=%2Fwp%2Fv2%2Ftags&post=703"}],"curies":[{"name":"wp","href":"https:\/\/api.w.org\/{rel}","templated":true}]}}