{"id":6963,"date":"2021-03-05T02:49:47","date_gmt":"2021-03-05T00:49:47","guid":{"rendered":"http:\/\/www.mladibl.com\/?p=6963"},"modified":"2021-03-05T02:49:49","modified_gmt":"2021-03-05T00:49:49","slug":"intervju-ivana-i-isidora-santrac","status":"publish","type":"post","link":"https:\/\/www.mladibl.com\/?p=6963","title":{"rendered":"INTERVJU: Ivana i Isidora Santra\u010d"},"content":{"rendered":"\n<p>&#8220;Nije zlo, \u010dedo moje, \u010duti i znati tu\u0111u pjesmu. Zlo je zaboraviti i ne znati svoju. Te\u0161ko onome ko svoju pjesmu ne pjeva. \u010cudo je pjesma, sine moj&#8221;. Rije\u010di Stefana Nemanje izgovorene na samrtni\u010dkoj postelji svom sinu Svetom Savi poru\u010duju da ne zaboravimo na\u0161e kulturno naslje\u0111e i  budemo \u010duvari na\u0161e tradicionalne muzike i pjesme. <\/p>\n\n\n\n<p>Tradiciju na\u0161e izvorne narodne pjesme, od zaborava, \u010duvaju i sestre Santra\u010d, Ivana i Isidora, iz Banjaluke. Iako vole da pjevaju i druge \u017eanrove muzike, po ovom \u017eanru su prepoznatljive i plijene pa\u017enju ljubitelja izvornog, tradicionalnog zvuka. Svoj talenat po\u010dele su da ispoljavaju kao vrlo male, a njihovo vi\u0161egodi\u0161nje \u010dlanstvo u RKUD &#8220;Pelagi\u0107&#8221;, imalo je velikog uticaja na njihov izbor ove vrste muzike, te su ponosne \u0161to doprinose \u010duvanju narodne ba\u0161tine i njenom njegovanju. O va\u017enosti tradicije, ljubavi prema ovoj vrsti muzike, planovima, obradi pjesme &#8220;Junaci sa Ko\u0161ara&#8221;\u2026, za portal Banjaluka Mladi, govore na\u0161e talentovane sugra\u0111anke.<\/p>\n\n\n\n<figure class=\"wp-block-image\"><img loading=\"lazy\" decoding=\"async\" width=\"768\" height=\"1024\" src=\"http:\/\/www.mladibl.com\/wp-content\/uploads\/2021\/03\/Ivana-i-Isidora-Santrac-3-768x1024.jpg\" alt=\"\" class=\"wp-image-6965\" srcset=\"https:\/\/www.mladibl.com\/wp-content\/uploads\/2021\/03\/Ivana-i-Isidora-Santrac-3-768x1024.jpg 768w, https:\/\/www.mladibl.com\/wp-content\/uploads\/2021\/03\/Ivana-i-Isidora-Santrac-3-225x300.jpg 225w, https:\/\/www.mladibl.com\/wp-content\/uploads\/2021\/03\/Ivana-i-Isidora-Santrac-3.jpg 800w\" sizes=\"auto, (max-width: 768px) 100vw, 768px\" \/><\/figure>\n\n\n\n<p><strong>Na samom po\u010detku, otkud interesovanje za izvornu narodnu muziku i etno? <\/strong><\/p>\n\n\n\n<p>Interesovanje ne samo za izvornu muziku, ve\u0107 na\u0161e obi\u010daje i tradiciju datira jo\u0161 od malih nogu.  Dugogodi\u0161njim \u010dlanstvom u jednom od najstarijih KUD-ova \u201ePelagi\u0107u\u201c i u\u010de\u0161\u0107em u vokalnoj grupi i orkestru, stekle smo osnovna znanja potrebna da uop\u0161te izla\u017eemo izvornu muziku. To znanje i dan &#8211; danas usavr\u0161avamo s obzirom na to da broju pjesama, na\u010dinu izvo\u0111enja i ljepoti melosa nema kraja. <\/p>\n\n\n\n<p><strong>Sje\u0107ate li se prvog zajedni\u010dkog nastupa, kada ste javnosti postale poznate? <\/strong><\/p>\n\n\n\n<p>Jo\u0161 kao djevoj\u010dice smo nastupale na mnogim dje\u010djim festivalima \u0161irom Evrope. Pored toga obje smo zavr\u0161ile ni\u017eu muzi\u010dku \u0161kolu, Isidora odsjek za klavir, a Ivana odsjek flauta. Kako smo zajedno vje\u017ebale sve pjesme za koncerte i nastupe odlu\u010dile smo da ih za \u201ena\u0161u\u201c du\u0161u izvodimo i u duetu. Ne sje\u0107amo se na\u0161eg prvog zajedni\u010dkog nastupa jer ih je bilo zaista mnogo, puno putovanja, koncerata, humanitarnih nastupa\u2026 Morale bismo pogledati sve zahvalnice sa nastupa i uporediti datume mo\u017eda i prona\u0111emo prvi nastup. (smijeh) \u0160iroj javnosti postale smo poznate izvo\u0111enjem pjesme &#8220;Crven cvete,, koja je prije nekoliko godina otprilike sedam ili osam godina, bila veoma popularna. Na dan slave u na\u0161em selu otpjevale smo u\u017eivo tu pjesmu i postavile na Fejsbuk. Ljudi su masovno po\u010deli da dijele snimak, \u010dak su ga postavili i na Jutjub. U kratkom vremenskom periodu, dostigao je preko dva miliona pregleda. Od tada je sve krenulo.<\/p>\n\n\n\n<p><strong>Pjesme koje obra\u0111ujete i snimate su uglavnom svima poznate. Koje su vama omiljene? <\/strong><\/p>\n\n\n\n<p>Ne bismo se usaglasile. Veliki broj pjesama koje izvodimo na nastupima, naprotiv, nisu poznate \u0161iroj javnosti. Me\u0111utim, do sada smo ekranizovale one poznatije kako bi do\u0161le do \u0161ire javnosti. U planu je  da u daljem radu snimamo izvorne pjesme koje se rijetko mogu \u010duti. Dopadaju nam se razli\u010dite pjesme i melosi, shodno krajevima iz kojih dolaze, ali \u0107emo se usaglasiti da je kosovski ciklus pjesama jedan od najljep\u0161ih sa sobom nosi posebnu te\u017einu i mjesto u srcu. <\/p>\n\n\n\n<figure class=\"wp-block-image\"><img loading=\"lazy\" decoding=\"async\" width=\"683\" height=\"1024\" src=\"http:\/\/www.mladibl.com\/wp-content\/uploads\/2021\/03\/Ivana-i-Isidora-Santrac-1-683x1024.jpg\" alt=\"\" class=\"wp-image-6966\" srcset=\"https:\/\/www.mladibl.com\/wp-content\/uploads\/2021\/03\/Ivana-i-Isidora-Santrac-1-683x1024.jpg 683w, https:\/\/www.mladibl.com\/wp-content\/uploads\/2021\/03\/Ivana-i-Isidora-Santrac-1-200x300.jpg 200w, https:\/\/www.mladibl.com\/wp-content\/uploads\/2021\/03\/Ivana-i-Isidora-Santrac-1-768x1152.jpg 768w, https:\/\/www.mladibl.com\/wp-content\/uploads\/2021\/03\/Ivana-i-Isidora-Santrac-1.jpg 800w\" sizes=\"auto, (max-width: 683px) 100vw, 683px\" \/><\/figure>\n\n\n\n<p><strong>Kako publika reaguje na va\u0161e izvo\u0111enje izvorne pjesme i da li dobijate povratne informacije? <\/strong><\/p>\n\n\n\n<p>U\u017eivamo dok pjevamo izvorne pjesme, one bude iskrene emocije i hrane na\u0161u du\u0161u. Do sada smo uvijek dobijale pozitivne komentare. \u010cini nas sre\u0107nima kada probudimo lijepe emocije u ljudima koji nas slu\u0161aju. Uvijek ka\u017eemo da treba mnogo da vje\u017ebamo i da jo\u0161 uvijek nismo na nivou na kojem \u017eelimo biti. Ipak, svakoj pjesmi damo svoj li\u010dni pe\u010dat. <\/p>\n\n\n\n<p><strong>Koliko su danas mladi zainteresovani za narodni melos?<\/strong><\/p>\n\n\n\n<p>Mladi su danas zainteresovani za izvorne pjesme, me\u0111utim, dio njih se interesuje iz potpuno pogre\u0161nih razloga. \u010cesto poistovje\u0107uju kulturu i tradiciju sa nacionalizmom, \u0161to stvara dodatne podjele me\u0111u narodima. Kroz muziku, tradiciju i kulturu treba da \u0161irimo ljubav. Mi po\u0161tujemo sve druge kulture, a svoju iskreno volimo i branimo od zaborava. Treba da budemo ponosni na ovo bogatstvo od istorije, kulture, tradicije i vjere koja se\u017ee u daleku pro\u0161lost. Voljeti svoj narod ne zna\u010di omalova\u017eavati druge. U na\u0161em repertoaru mogu se \u010duti mnoge izvorne pjesme koje nisu isklju\u010divo srpske.<\/p>\n\n\n\n<p><strong>Da li poti\u010dete iz muzi\u010dke porodice? <\/strong><\/p>\n\n\n\n<p>Na\u0161a porodica je zaista muzikalna i veliki broj rodbine je bio ili je u muzici jo\u0161 uvijek. Uprkos tome, majci i ocu muzika nikada nije bila profesija. Tata je poku\u0161ao svirati gitaru, a mama pjevati. Mi smo, izgleda, povukle neke starije gene. Geni su \u010dudo. Ispri\u010da\u0107emo jednu anegdotu iz detinjstva. Mislile smo da nam je prabaka svirala klavir, jer je mama dok je bila mala svima tako govorila u \u0161koli. Kako je mama sa sela do\u0161la u \u201egrad\u201c, \u0111aci su se hvalili mno\u0161tvom \u201emodernih\u201c instrumenata koje im svira porodica, a mama nije mogla da ka\u017ee da se kod njih organizuju prela i mobe, pjeva kraji\u0161ka izvorna muzika (koja nije ni blizu ove novokomponovane kraji\u0161ke muzike) i svira \u0161argija i frula. <\/p>\n\n\n\n<p><strong>Za\u0161to je va\u017eno \u010duvati tradiciju? <\/strong><\/p>\n\n\n\n<p>\u010cuvati tradiciju zna\u010di sa\u010duvati osnovne vrijednosti kulture jednog naroda. \u010cuvanjem tradicije ba\u0161tinimo ne samo kulturu nego i vjeru. Danas smo svjedoci gubljenja osnovnih vrijednosti, degradacije porodice i obi\u010daja. Mladi su okrenuti nekim novim vrijednostima bolje re\u0107i trendovima koji nisu dugoro\u010dni, a zbog toga i jesu trendovi, jer su prolazni. Tradicija je ono \u0161to ne prolazi, ono \u0161to traje i jedino \u0161to nas mo\u017ee vratiti na pravi put. Smatram da je samo \u010dovjek koji je svjestan svoje vjere, kulture, obi\u010daja, tradicije odista sre\u0107an. Svi ostali izgubljeno lutaju. <\/p>\n\n\n\n<figure class=\"wp-block-image\"><img loading=\"lazy\" decoding=\"async\" width=\"683\" height=\"1024\" src=\"http:\/\/www.mladibl.com\/wp-content\/uploads\/2021\/03\/Ivana-i-Isidora-Santrac-2-683x1024.jpg\" alt=\"\" class=\"wp-image-6967\" srcset=\"https:\/\/www.mladibl.com\/wp-content\/uploads\/2021\/03\/Ivana-i-Isidora-Santrac-2-683x1024.jpg 683w, https:\/\/www.mladibl.com\/wp-content\/uploads\/2021\/03\/Ivana-i-Isidora-Santrac-2-200x300.jpg 200w, https:\/\/www.mladibl.com\/wp-content\/uploads\/2021\/03\/Ivana-i-Isidora-Santrac-2-768x1151.jpg 768w, https:\/\/www.mladibl.com\/wp-content\/uploads\/2021\/03\/Ivana-i-Isidora-Santrac-2.jpg 800w\" sizes=\"auto, (max-width: 683px) 100vw, 683px\" \/><\/figure>\n\n\n\n<p><strong>Nedavno ste snimile obradu pjesme &#8220;Junaci sa Ko\u0161ara&#8221;. Reakcije na objavljivanje ove emotivne pjesme su pozitivne. Za\u0161to ste odlu\u010dile da ova pjesma bude va\u0161a prva studijska obrada? <\/strong><\/p>\n\n\n\n<p>Tako je. \u201eJunaci sa Ko\u0161ara\u201c, \u010diji je autor otac Milutin Popadi\u0107 je  prva na\u0161a studijska obrada. Sve rije\u010di su suvi\u0161ne za pjesmu koja nosi veliku te\u017einu sa sobom. Bitka na Ko\u0161arama, doga\u0111aj je iz novije srpske istorije i ne samo da ovom pjesmom \u017ertvama odajemo po\u010dast ve\u0107 ih branimo od zaborava. Ka\u017ee se da sve dok \u017eivi sje\u0107anje \u017eive i oni. <\/p>\n\n\n\n<p><strong>Pored izvorne, koju muziku jo\u0161 volite da slu\u0161ate? <\/strong><\/p>\n\n\n\n<p>U slobodno vrijeme slu\u0161amo razli\u010dite \u017eanrove u skladu sa trenutnim raspolo\u017eenjem. Od klasi\u010dne muzike, uz to pop i rok muzike\u2026<\/p>\n\n\n\n<p><strong>Osim izvo\u0111enja izvorne muzike, \u0161ta danas rade i kako provode slobodno vrijeme sestre Santra\u010d? <\/strong><\/p>\n\n\n\n<p>O tome \u0161ta radimo mimo muzike mo\u017eemo napraviti jo\u0161 jedan intervju. U kratkim crtama, Isidora je diplomirani in\u017eenjer hemijske tehnologije, trenutno na masteru u Beogradu. Ivana je po struci diplomirani politikolog.<\/p>\n\n\n\n<p><strong>Da li imate uzore i ko je va\u0161a najve\u0107a podr\u0161ka u svemu \u0161to radite? <\/strong><\/p>\n\n\n\n<p>Uzor i najve\u0107a podr\u0161ka su nam na\u0161i roditelji. Kratko i jasno, sve poti\u010de iz porodice.<\/p>\n\n\n\n<p><strong>Kakvi su vam planovi, kada je u pitanju izvorna muzika?<\/strong><\/p>\n\n\n\n<p>U planu nam je snimanje prvih deset studijskih kovera koji bi \u010dinili jedan CD. Nakon toga, nadamo se odr\u017eavanju samostalnog koncerta u na\u0161oj Banjaluci.<\/p>\n\n\n\n<p>Poslu\u0161ajmo zajedno njihovu obradu izvorne pjesme sa Kosova i Metohije i pamtimo rije\u010di Stefana Nemanje! <\/p>\n\n\n\n<figure class=\"wp-block-embed-youtube wp-block-embed is-type-video is-provider-youtube wp-embed-aspect-16-9 wp-has-aspect-ratio\"><div class=\"wp-block-embed__wrapper\">\n<iframe loading=\"lazy\" title=\"\u0421\u0435\u0441\u0442\u0440\u0435 \u0421\u0430\u043d\u0442\u0440\u0430\u0447 - \u0408\u0443\u043d\u0430\u0446\u0438 \u0441\u0430 \u041a\u043e\u0448\u0430\u0440\u0430 (\u041c\u0438\u043b\u0443\u0442\u0438\u043d \u041f\u043e\u043f\u0430\u0434\u0438\u045b)\" width=\"800\" height=\"450\" src=\"https:\/\/www.youtube.com\/embed\/iQiutgSLc6A?feature=oembed\" frameborder=\"0\" allow=\"accelerometer; autoplay; clipboard-write; encrypted-media; gyroscope; picture-in-picture\" allowfullscreen><\/iframe>\n<\/div><\/figure>\n\n\n\n<figure class=\"wp-block-embed-youtube wp-block-embed is-type-video is-provider-youtube wp-embed-aspect-16-9 wp-has-aspect-ratio\"><div class=\"wp-block-embed__wrapper\">\n<iframe loading=\"lazy\" title=\"\u0421\u0435\u0441\u0442\u0440\u0435 \u0421\u0430\u043d\u0442\u0440\u0430\u0447- \u041c\u0430\u0440\u0438\u0458\u043e \u045b\u0435\u0440\u043e \u043c\u043e\u0440\u0438\" width=\"800\" height=\"450\" src=\"https:\/\/www.youtube.com\/embed\/Dd2Py2nxQTU?feature=oembed\" frameborder=\"0\" allow=\"accelerometer; autoplay; clipboard-write; encrypted-media; gyroscope; picture-in-picture\" allowfullscreen><\/iframe>\n<\/div><\/figure>\n\n\n\n<blockquote class=\"wp-block-quote is-layout-flow wp-block-quote-is-layout-flow\"><p>&#8220;Zato ljubite, \u010dedo moje, svoju pjesmu i svirku kao du\u0161u svoju. I pazite dobro da vam pred ku\u0107om nikad ne zasvira tu\u0111a pjesma i zaigra tu\u0111e kolo.&#8221;<\/p><\/blockquote>\n\n\n\n<p><em>Intervju vodila: Mihaela Amid\u017ei\u0107<\/em><\/p>\n","protected":false},"excerpt":{"rendered":"<p>&#8220;Nije zlo, \u010dedo moje, \u010duti i znati tu\u0111u pjesmu. Zlo je zaboraviti i ne znati svoju. Te\u0161ko onome ko svoju<\/p>\n","protected":false},"author":1,"featured_media":6964,"comment_status":"closed","ping_status":"open","sticky":false,"template":"","format":"standard","meta":{"om_disable_all_campaigns":false,"_monsterinsights_skip_tracking":false,"_monsterinsights_sitenote_active":false,"_monsterinsights_sitenote_note":"","_monsterinsights_sitenote_category":0,"footnotes":""},"categories":[17],"tags":[3658,3078,3655,3660,3656,3659],"class_list":["post-6963","post","type-post","status-publish","format-standard","has-post-thumbnail","hentry","category-intervju","tag-etno","tag-intervju","tag-ivana-i-isidora-santrac","tag-narodne-pjesme","tag-sestre-santrac","tag-tradicija"],"jetpack_featured_media_url":"https:\/\/www.mladibl.com\/wp-content\/uploads\/2021\/03\/Ivana-i-Isidora-Santrac.jpg","amp_enabled":true,"_links":{"self":[{"href":"https:\/\/www.mladibl.com\/index.php?rest_route=\/wp\/v2\/posts\/6963","targetHints":{"allow":["GET"]}}],"collection":[{"href":"https:\/\/www.mladibl.com\/index.php?rest_route=\/wp\/v2\/posts"}],"about":[{"href":"https:\/\/www.mladibl.com\/index.php?rest_route=\/wp\/v2\/types\/post"}],"author":[{"embeddable":true,"href":"https:\/\/www.mladibl.com\/index.php?rest_route=\/wp\/v2\/users\/1"}],"replies":[{"embeddable":true,"href":"https:\/\/www.mladibl.com\/index.php?rest_route=%2Fwp%2Fv2%2Fcomments&post=6963"}],"version-history":[{"count":1,"href":"https:\/\/www.mladibl.com\/index.php?rest_route=\/wp\/v2\/posts\/6963\/revisions"}],"predecessor-version":[{"id":6968,"href":"https:\/\/www.mladibl.com\/index.php?rest_route=\/wp\/v2\/posts\/6963\/revisions\/6968"}],"wp:featuredmedia":[{"embeddable":true,"href":"https:\/\/www.mladibl.com\/index.php?rest_route=\/wp\/v2\/media\/6964"}],"wp:attachment":[{"href":"https:\/\/www.mladibl.com\/index.php?rest_route=%2Fwp%2Fv2%2Fmedia&parent=6963"}],"wp:term":[{"taxonomy":"category","embeddable":true,"href":"https:\/\/www.mladibl.com\/index.php?rest_route=%2Fwp%2Fv2%2Fcategories&post=6963"},{"taxonomy":"post_tag","embeddable":true,"href":"https:\/\/www.mladibl.com\/index.php?rest_route=%2Fwp%2Fv2%2Ftags&post=6963"}],"curies":[{"name":"wp","href":"https:\/\/api.w.org\/{rel}","templated":true}]}}