{"id":6938,"date":"2021-03-05T01:39:16","date_gmt":"2021-03-04T23:39:16","guid":{"rendered":"http:\/\/www.mladibl.com\/?p=6938"},"modified":"2021-03-05T01:39:18","modified_gmt":"2021-03-04T23:39:18","slug":"novi-termin-koncerta-gudackog-orkestra-ban-svetislav-tisa-milosavljevic","status":"publish","type":"post","link":"https:\/\/www.mladibl.com\/?p=6938","title":{"rendered":"Novi termin koncerta guda\u010dkog orkestra \u201eBan Svetislav Tisa Milosavljevi\u0107\u201c"},"content":{"rendered":"\n<p>Koncert guda\u010dkog orkestra \u201eBan Svetislav Tisa Milosavljevi\u0107\u201c, koji je bio zakazan sino\u0107, 4.mart, otkazan je zbog bolesti izvo\u0111a\u010da.<\/p>\n\n\n\n<p>\u2013Koncert \u0107e biti odr\u017ean u novom terminu \u2013 7. aprila. Kupljene ulaznice \u0107e va\u017eiti i u narednom terminu, a svi koji \u017eele da vrate ulaznice mogu to u\u010diniti na biletarnici Banskog dvora, svakim radnim danom od 12.00  do 18.00 \u010dasova \u2013 saop\u0161teno je iz Kulturnog centra Banski dvor.<\/p>\n\n\n\n<p>Ansambl \u010dine akademski muzi\u010dari sa bogatim orkestarskim iskustvom, a osnovan je sa namjerom da prema uzoru na brojne kulturne centre regiona i na\u0161 grad dobije profesionalni guda\u010dki orkestar koji \u0107e, pored uobi\u010dajenog svjetskog repertoara, aktivno promovisati i doma\u0107e kompozitore.  Ansambl je zvani\u010dno promovisan na Dan Banskog dvora 8. novembra  2020. godine,  kada je i odr\u017eao svoj prvi koncert.<\/p>\n\n\n\n<p>Preuzeto sa: <a href=\"https:\/\/www.banjaluka.rs.ba\/novi-termin-koncerta\/\" target=\"_blank\" rel=\"noreferrer noopener\" aria-label=\"Grad Banja Luka (opens in a new tab)\">Grad Banja Luka<\/a><\/p>\n","protected":false},"excerpt":{"rendered":"<p>Koncert guda\u010dkog orkestra \u201eBan Svetislav Tisa Milosavljevi\u0107\u201c, koji je bio zakazan sino\u0107, 4.mart, otkazan je zbog bolesti izvo\u0111a\u010da. \u2013Koncert \u0107e<\/p>\n","protected":false},"author":1,"featured_media":6939,"comment_status":"closed","ping_status":"open","sticky":false,"template":"","format":"standard","meta":{"om_disable_all_campaigns":false,"_monsterinsights_skip_tracking":false,"_monsterinsights_sitenote_active":false,"_monsterinsights_sitenote_note":"","_monsterinsights_sitenote_category":0,"footnotes":""},"categories":[2],"tags":[3638,3637,3536,3636],"class_list":["post-6938","post","type-post","status-publish","format-standard","has-post-thumbnail","hentry","category-vijesti","tag-ban-svetislav-tisa-milosavljevic","tag-gudacki-orkestar","tag-koncert","tag-novi-termin"],"jetpack_featured_media_url":"https:\/\/www.mladibl.com\/wp-content\/uploads\/2021\/03\/Novi-termin-koncerta-guda\u010dkog-orkestra-\u201eBan-Svetislav-Tisa-Milosavljevi\u0107\u201c.jpg","amp_enabled":true,"_links":{"self":[{"href":"https:\/\/www.mladibl.com\/index.php?rest_route=\/wp\/v2\/posts\/6938","targetHints":{"allow":["GET"]}}],"collection":[{"href":"https:\/\/www.mladibl.com\/index.php?rest_route=\/wp\/v2\/posts"}],"about":[{"href":"https:\/\/www.mladibl.com\/index.php?rest_route=\/wp\/v2\/types\/post"}],"author":[{"embeddable":true,"href":"https:\/\/www.mladibl.com\/index.php?rest_route=\/wp\/v2\/users\/1"}],"replies":[{"embeddable":true,"href":"https:\/\/www.mladibl.com\/index.php?rest_route=%2Fwp%2Fv2%2Fcomments&post=6938"}],"version-history":[{"count":1,"href":"https:\/\/www.mladibl.com\/index.php?rest_route=\/wp\/v2\/posts\/6938\/revisions"}],"predecessor-version":[{"id":6940,"href":"https:\/\/www.mladibl.com\/index.php?rest_route=\/wp\/v2\/posts\/6938\/revisions\/6940"}],"wp:featuredmedia":[{"embeddable":true,"href":"https:\/\/www.mladibl.com\/index.php?rest_route=\/wp\/v2\/media\/6939"}],"wp:attachment":[{"href":"https:\/\/www.mladibl.com\/index.php?rest_route=%2Fwp%2Fv2%2Fmedia&parent=6938"}],"wp:term":[{"taxonomy":"category","embeddable":true,"href":"https:\/\/www.mladibl.com\/index.php?rest_route=%2Fwp%2Fv2%2Fcategories&post=6938"},{"taxonomy":"post_tag","embeddable":true,"href":"https:\/\/www.mladibl.com\/index.php?rest_route=%2Fwp%2Fv2%2Ftags&post=6938"}],"curies":[{"name":"wp","href":"https:\/\/api.w.org\/{rel}","templated":true}]}}