{"id":6935,"date":"2021-03-05T01:36:18","date_gmt":"2021-03-04T23:36:18","guid":{"rendered":"http:\/\/www.mladibl.com\/?p=6935"},"modified":"2021-03-05T01:36:20","modified_gmt":"2021-03-04T23:36:20","slug":"prvi-susret-stanivukovica-i-viskovica-razgovor-o-projektima-vaznim-za-banju-luku","status":"publish","type":"post","link":"https:\/\/www.mladibl.com\/?p=6935","title":{"rendered":"Prvi susret Stanivukovi\u0107a i Vi\u0161kovi\u0107a: Razgovor o projektima va\u017enim za Banju Luku"},"content":{"rendered":"\n<p>Gradona\u010delnik Banje Luke, Dra\u0161ko Stanivukovi\u0107, razgovarao je danas sa predsjednikom Vlade Republike Srpske, Radovanom Vi\u0161kovi\u0107em o budu\u0107oj saradnji i podr\u0161ci najve\u0107em gradu Republike.<\/p>\n\n\n\n<p>Tokom ovog prvog zvani\u010dnog sastanka odr\u017eanog u Administrativnom centru Vlade Republike Srpske, istaknuto je da \u0107e Vlada Republike Srpske ove godine finasirati u Banjoj Luci projekte ukupne vrijednoti preko 50 miliona KM.<\/p>\n\n\n\n<p>Dogovoreno je da \u0107e Vlada Republike Srpske izdvojiti pola potrebnih sredstva za izgradnju dvorane na Lau\u0161u, a ostatak Grad. Radi o projektu koji je vrijedan 1, 7 miliona KM i koji bi trebalo da bude okon\u010dan do kraja godine.<\/p>\n\n\n\n<p>Pokrenuto je pitanje izgradnje Centralnog spomen obilje\u017eja palim borcima Vojske Republike Srpske, za \u0161ta je dogovoreno da Grad obezbijedi i rije\u0161i imovinsko-pravne odnose, potrebnu dokumentaciju i zemlji\u0161te u centralnom dijelu grada a Vlada Republike Srpske finansijska sredstva.<\/p>\n\n\n\n<p>Kako je rekao gradona\u010delnik Stanivukovi\u0107, va\u017eno je da se krene u realizaciju ovog pitanja na \u0161ta se \u010deka vi\u0161e od dvije decenije.<\/p>\n\n\n\n<p>-Bilo je rije\u010di i o socijalnoj karti, koja je presudna za Grad ako \u017eelimo da rije\u0161imo sufinansiranje privatnih vrti\u0107a. Dakle, karta nam je polazna osnova i \u017eeljeli smo da vidimo koji je dio obaveza republi\u010dkih, a koji gradskih vlasti \u2013 kazao je gradona\u010delnik.<\/p>\n\n\n\n<p>U vezi sa bud\u017eetom Grada za ovu godinu, prema rije\u010dima gradona\u010delnika \u017eeljeli su da \u010duju stav Vlade o podr\u0161ci najve\u0107em gradu Republike, isti\u010du\u0107i da su vrata Grada Banja Luka otvorena prema svima.<\/p>\n\n\n\n<p>-Dobio sam uvjerenje da \u0107e Vlada Republike Srpske i dalje podr\u017eavati razvoj grada. Postoji odre\u0111en optimizam i izuzetno je va\u017eno da se nastavi saradnja sa republi\u010dkim nivoom vlasti. Vidje\u0107emo da li \u0107e ovo \u0161to je dogovoreno danas biti i realizovano \u2013 naglasio je Stanivukovi\u0107.<\/p>\n\n\n\n<p>Gradona\u010delnik je informisao predsjednika Vlade Republike Srpske o spremnosti Grada da obezbijedi besplatne ud\u017ebenike za u\u010denike osnovnih \u0161kola.<\/p>\n\n\n\n<p>-Preko 50, 70 mo\u017eda i \u010dak 100 odsto besplatne ud\u017ebenike za osnovce, smatraju\u0107i to strate\u0161kim opredjeljenjem. Tako\u0111e, Narodna skup\u0161tine Republike Srpske usvojila je dokument da u naredne dvije godine svi osnovci u cijeloj RS imaju besplatne ud\u017ebenike. I ako najve\u0107i grad Republike mo\u017ee to da u\u010dini u svom bud\u017eetu, onda je va\u017eno da ima podr\u0161ku Vlade RS \u2013 naveo je Stanivukovi\u0107.<\/p>\n\n\n\n<p>Predlagao je, ka\u017ee, nekoliko modaliteta finansiranja, od toga da Grad u\u010destvuje sa 70 i resorno ministarssvo sa 30 odsto potrebnih sredstava.<\/p>\n\n\n\n<p>-Na to mi je odgvoreno da bi to bila diskriminacija zato \u0161to nemaju svi gradovi u RS, a moj odgvoor je bio da li je diskriminaciji to \u0161to bepslatne ud\u017ebenike sada imaju samo u\u010denici prvih i drugih razreda \u2013 istakao je Stanivukovi\u0107.<\/p>\n\n\n\n<p>Prema njegovim rije\u010dima, podr\u0161ka Banjoj Luci za beplatne ud\u017ebenike bila bi i podsticaj za druge lokalne zajednice.<\/p>\n\n\n\n<p>-Me\u0111utim, stav Vlade je odlu\u010dan da oni treba da urade za sve zajednice ili nijednu. Mi ne dijelimo to mi\u0161ljenje i odva\u017eno kre\u0107emo u pravcu da obezbijedimo beplatne ud\u017ebenike \u2013 kazao je on.<\/p>\n\n\n\n<p>Tako\u0111e, informisao je delegaciju Vlade Republike Srpske da bi bilo \u0161tetno po Grad da se smanjuje porez na nepokretnosti, od \u010dega ve\u0107ina gra\u0111ana ne bi imala koristi.<\/p>\n\n\n\n<p>Predsjednik Vi\u0161kovi\u0107 je rekao da projekti koji \u0107e Vlada Republike Srpske ove godine finasirati u Banjoj Luci prevazilaze 50 miliona KM, te se uglavnom odnose na infrastrukturu i puteve, te ure\u0111enje korita Vrbasa u gradskom dijelu \u0161to bi moglo da krene u realizaciju od septembra.<\/p>\n\n\n\n<p>-Milion i po KM bi\u0107e ulo\u017eeno putem preduze\u0107a \u201ePutevi\u201c, i to za klizi\u0161te na putu Bronzani Majdan \u2013 Banja Luka, te za kru\u017eni tok u Drago\u010daju. \u017deljeznice Republike Srpske uradi\u0107e i osigurati pru\u017eni prelaz u Zalu\u017eanima \u2013 naveo je Vi\u0161kovi\u0107.<\/p>\n\n\n\n<p>Kod Medicinske elektronike, kako je istakao, u planu je gradnja trafostanice za uredno snabdijevanje Banje Luke elektri\u010dnom energojom, po okon\u010danju imovinsko-pravnih odnosa.<\/p>\n\n\n\n<p>-U zdravstveni sektor do 2027. godine na podru\u010dju Banje Luke planirane su investicije od oko 300 miliona KM \u2013 naveo je on.<\/p>\n\n\n\n<p>Kako je istakao, Vlada Republike Srpske uvijek je otvorena za saradnju sa lokalnim zajednicama, da je do sada a i ubudu\u0107e \u0107e finansirati njihove projekte.<\/p>\n\n\n\n<p>Govore\u0107i o besplatnim ud\u017ebenicima, Vi\u0161kovi\u0107 je kazao da ih Vlada Republike Srpske ne mo\u017ee sufinasirati samo za djecu iz Banje Luke, nego da se mora voditi ra\u010duna i o djeci iz drugih op\u0161tina i gradova.<\/p>\n\n\n\n<p>Tokom sastanka u Administrativnom centru Vlade Republike Srpske, bilo je i rije\u010di o trenutnoj epidemiolo\u0161koj situaciji, gdje je, usljed pove\u0107anog broja oboljelih od korona virusa, nagla\u0161eno da je neophodno nastaviti sa pridr\u017eavanjem propisanih mjera. Nadzorni gradski organi kontroli\u0161u i nastavi\u0107e sa poja\u010danim kontrolama pridr\u017eavanja mjera kod razli\u010ditih subjekata. Banja Luka \u0107e pratiti preporuke i uputstva Republi\u010dkog \u0161taba za vanredne situacije.<\/p>\n\n\n\n<p>Preuzeto sa: <a href=\"https:\/\/www.banjaluka.rs.ba\/prvi-susret-gradonacelnika-i-premijera-rs\/\" target=\"_blank\" rel=\"noreferrer noopener\" aria-label=\"Grad Banja Luka (opens in a new tab)\">Grad Banja Luka<\/a><\/p>\n","protected":false},"excerpt":{"rendered":"<p>Gradona\u010delnik Banje Luke, Dra\u0161ko Stanivukovi\u0107, razgovarao je danas sa predsjednikom Vlade Republike Srpske, Radovanom Vi\u0161kovi\u0107em o budu\u0107oj saradnji i podr\u0161ci<\/p>\n","protected":false},"author":1,"featured_media":6936,"comment_status":"closed","ping_status":"open","sticky":false,"template":"","format":"standard","meta":{"om_disable_all_campaigns":false,"_monsterinsights_skip_tracking":false,"_monsterinsights_sitenote_active":false,"_monsterinsights_sitenote_note":"","_monsterinsights_sitenote_category":0,"footnotes":""},"categories":[2],"tags":[53,2631,38,73,3635,72],"class_list":["post-6935","post","type-post","status-publish","format-standard","has-post-thumbnail","hentry","category-vijesti","tag-banja-luka","tag-drasko-stanivukovic","tag-projekti","tag-radovan-viskovic","tag-susret","tag-vlada-republike-srpske"],"jetpack_featured_media_url":"https:\/\/www.mladibl.com\/wp-content\/uploads\/2021\/03\/Prvi-susret-Stanivukovi\u0107a-i-Vi\u0161kovi\u0107a_-Razgovor-o-projektima-va\u017enim-za-Banju-Luku.jpg","amp_enabled":true,"_links":{"self":[{"href":"https:\/\/www.mladibl.com\/index.php?rest_route=\/wp\/v2\/posts\/6935","targetHints":{"allow":["GET"]}}],"collection":[{"href":"https:\/\/www.mladibl.com\/index.php?rest_route=\/wp\/v2\/posts"}],"about":[{"href":"https:\/\/www.mladibl.com\/index.php?rest_route=\/wp\/v2\/types\/post"}],"author":[{"embeddable":true,"href":"https:\/\/www.mladibl.com\/index.php?rest_route=\/wp\/v2\/users\/1"}],"replies":[{"embeddable":true,"href":"https:\/\/www.mladibl.com\/index.php?rest_route=%2Fwp%2Fv2%2Fcomments&post=6935"}],"version-history":[{"count":1,"href":"https:\/\/www.mladibl.com\/index.php?rest_route=\/wp\/v2\/posts\/6935\/revisions"}],"predecessor-version":[{"id":6937,"href":"https:\/\/www.mladibl.com\/index.php?rest_route=\/wp\/v2\/posts\/6935\/revisions\/6937"}],"wp:featuredmedia":[{"embeddable":true,"href":"https:\/\/www.mladibl.com\/index.php?rest_route=\/wp\/v2\/media\/6936"}],"wp:attachment":[{"href":"https:\/\/www.mladibl.com\/index.php?rest_route=%2Fwp%2Fv2%2Fmedia&parent=6935"}],"wp:term":[{"taxonomy":"category","embeddable":true,"href":"https:\/\/www.mladibl.com\/index.php?rest_route=%2Fwp%2Fv2%2Fcategories&post=6935"},{"taxonomy":"post_tag","embeddable":true,"href":"https:\/\/www.mladibl.com\/index.php?rest_route=%2Fwp%2Fv2%2Ftags&post=6935"}],"curies":[{"name":"wp","href":"https:\/\/api.w.org\/{rel}","templated":true}]}}