{"id":6904,"date":"2021-03-04T09:47:32","date_gmt":"2021-03-04T07:47:32","guid":{"rendered":"http:\/\/www.mladibl.com\/?p=6904"},"modified":"2021-03-04T09:47:34","modified_gmt":"2021-03-04T07:47:34","slug":"konkurs-za-podrsku-aktivizmu-i-liderstvu-mladih","status":"publish","type":"post","link":"https:\/\/www.mladibl.com\/?p=6904","title":{"rendered":"Konkurs za podr\u0161ku aktivizmu i liderstvu mladih"},"content":{"rendered":"\n<p>Fond za aktivno gra\u0111anstvo (fAKT) poziva sve mlade da se pridru\u017ee programu podr\u0161ke aktivizmu i liderstvu mladih. <\/p>\n\n\n\n<p>OBLAST: Aktivizam mladih<\/p>\n\n\n\n<p>OPIS: fAKT sprovodi kampanju promocije i afirmacije mladih kao aktivnih gra\u0111ana, motivisanih za proaktivno u\u010de\u0161\u0107e u razvoju zajednice. U fokusu kampanje \u0107e biti konkretne akcije, i pri\u010de mladih koji su ih pokrenuli. Program se sastoji iz dva dijela: dvodnevne obuke i dodjele finansijske podr\u0161ke\/grantova: Nakon obuke, organizacije \u0107e imati priliku da apliciraju za dodjelu sredstava za realizaciju svojih inicijativa, do iznosa od 2,500\u20ac po grantu. Podr\u0161ka \u0107e biti obezbije\u0111ena za najmanje 7 projekata, iz ukupnog fonda koji iznosi 17,500\u20ac. Podr\u017eanim organizacijama \u0107e biti pru\u017eena i savjetodavna i mentorska podr\u0161ka. Projekat je namijenjen: nevladinim organizacijama koje okupljaju mlade (od 15 do 25 god.), neformalnim grupama mladih (15 do 25 god.; o\u010dekuje se da najmanje petoro mladih bude aktivno uklju\u010deno u pripremu i realizaciju projekta), mladima koji su aktivni i imaju volju, prijatelje, kom\u0161ije i druge koji su spremni da ih podr\u017ee i urade ne\u0161to za svoju zajednicu, mladima koji imaju projektnu ideju koja \u0107e podsta\u0107i u\u010de\u0161\u0107e ve\u0107eg broja mladih.<\/p>\n\n\n\n<p>USLOVI: Da bi se prijavili potrebno je ispunjavati slede\u0107e uslove:<\/p>\n\n\n\n<ul class=\"wp-block-list\"><li>Kandidati koji se prijave treba da imaju jasnu ideju \u0161ta \u017eele da urade i da osmisle plan klju\u010dnih aktivnosti (istovremeno imaju\u0107i na umu epidemiolo\u0161ku situaciju);<\/li><li>Da ideja koju smisle uklju\u010duje kori\u0161\u0107enje potencijala i resursa lokalne zajednice;<\/li><li>Da ima odre\u0111eno mjesto, vrijeme i rok trajanja;<\/li><li>Da ima okvirnu projekciju tro\u0161kova\/bud\u017eeta.<\/li><\/ul>\n\n\n\n<p>NA\u010cIN PRIJAVE: Da bi konkurisali za u\u010de\u0161\u0107e u programu potrebno je popuniti formular: <strong><a rel=\"noreferrer noopener\" aria-label=\"http:\/\/www.faktcg.org\/wp-content\/uploads\/2021\/02\/Prijavni-formular-Vrijeme-je-za-mlade-_fAKT.doc (opens in a new tab)\" href=\"http:\/\/www.faktcg.org\/wp-content\/uploads\/2021\/02\/Prijavni-formular-Vrijeme-je-za-mlade-_fAKT.doc\" target=\"_blank\">http:\/\/www.faktcg.org\/wp-content\/uploads\/2021\/02\/Prijavni-formular-Vrijeme-je-za-mlade-_fAKT.doc<\/a><\/strong> i poslati ga na mejl: <strong><a href=\"mailto:fond@faktcg.org\" target=\"_blank\" rel=\"noreferrer noopener\" aria-label=\"fond@faktcg.org (opens in a new tab)\">fond@faktcg.org<\/a><\/strong><\/p>\n\n\n\n<p>ROK ZA PRIJAVU: 15.03.2021. godine do 16h<\/p>\n\n\n\n<p>Detaljnije: <strong><a href=\"http:\/\/www.faktcg.org\/\" target=\"_blank\" rel=\"noreferrer noopener\" aria-label=\"http:\/\/www.faktcg.org\/ (opens in a new tab)\">http:\/\/www.faktcg.org\/<\/a><\/strong><\/p>\n\n\n\n<p>Preuzeto sa: <a href=\"https:\/\/mladiinfo.me\/prijavite-se-za-konkurs-za-podrsku-aktivizmu-i-liderstvu-mladih\" target=\"_blank\" rel=\"noreferrer noopener\" aria-label=\"mladiinfo.me (opens in a new tab)\">mladiinfo.me<\/a><\/p>\n","protected":false},"excerpt":{"rendered":"<p>Fond za aktivno gra\u0111anstvo (fAKT) poziva sve mlade da se pridru\u017ee programu podr\u0161ke aktivizmu i liderstvu mladih. OBLAST: Aktivizam mladih<\/p>\n","protected":false},"author":1,"featured_media":6905,"comment_status":"closed","ping_status":"open","sticky":false,"template":"","format":"standard","meta":{"om_disable_all_campaigns":false,"_monsterinsights_skip_tracking":false,"_monsterinsights_sitenote_active":false,"_monsterinsights_sitenote_note":"","_monsterinsights_sitenote_category":0,"footnotes":""},"categories":[1461],"tags":[2150,306,1122,33,526],"class_list":["post-6904","post","type-post","status-publish","format-standard","has-post-thumbnail","hentry","category-konkursi","tag-aktivizam","tag-konkurs","tag-liderstvo","tag-mladi","tag-podrska"],"jetpack_featured_media_url":"https:\/\/www.mladibl.com\/wp-content\/uploads\/2021\/03\/Konkurs-za-podr\u0161ku-aktivizmu-i-liderstvu-mladih.jpg","amp_enabled":true,"_links":{"self":[{"href":"https:\/\/www.mladibl.com\/index.php?rest_route=\/wp\/v2\/posts\/6904","targetHints":{"allow":["GET"]}}],"collection":[{"href":"https:\/\/www.mladibl.com\/index.php?rest_route=\/wp\/v2\/posts"}],"about":[{"href":"https:\/\/www.mladibl.com\/index.php?rest_route=\/wp\/v2\/types\/post"}],"author":[{"embeddable":true,"href":"https:\/\/www.mladibl.com\/index.php?rest_route=\/wp\/v2\/users\/1"}],"replies":[{"embeddable":true,"href":"https:\/\/www.mladibl.com\/index.php?rest_route=%2Fwp%2Fv2%2Fcomments&post=6904"}],"version-history":[{"count":1,"href":"https:\/\/www.mladibl.com\/index.php?rest_route=\/wp\/v2\/posts\/6904\/revisions"}],"predecessor-version":[{"id":6906,"href":"https:\/\/www.mladibl.com\/index.php?rest_route=\/wp\/v2\/posts\/6904\/revisions\/6906"}],"wp:featuredmedia":[{"embeddable":true,"href":"https:\/\/www.mladibl.com\/index.php?rest_route=\/wp\/v2\/media\/6905"}],"wp:attachment":[{"href":"https:\/\/www.mladibl.com\/index.php?rest_route=%2Fwp%2Fv2%2Fmedia&parent=6904"}],"wp:term":[{"taxonomy":"category","embeddable":true,"href":"https:\/\/www.mladibl.com\/index.php?rest_route=%2Fwp%2Fv2%2Fcategories&post=6904"},{"taxonomy":"post_tag","embeddable":true,"href":"https:\/\/www.mladibl.com\/index.php?rest_route=%2Fwp%2Fv2%2Ftags&post=6904"}],"curies":[{"name":"wp","href":"https:\/\/api.w.org\/{rel}","templated":true}]}}