{"id":6872,"date":"2021-03-03T10:03:24","date_gmt":"2021-03-03T08:03:24","guid":{"rendered":"http:\/\/www.mladibl.com\/?p=6872"},"modified":"2021-03-03T10:03:26","modified_gmt":"2021-03-03T08:03:26","slug":"poziv-za-ferijalni-rad-u-njemackoj-u-2021-godini","status":"publish","type":"post","link":"https:\/\/www.mladibl.com\/?p=6872","title":{"rendered":"Poziv za ferijalni rad u Njema\u010dkoj u 2021. godini"},"content":{"rendered":"\n<p>Objavljen je poziv studentima univerziteta u Republici Srpskoj za podno\u0161enje prijava za ferijalni rad u SR Njema\u010dkoj u 2021. godini.<\/p>\n\n\n\n<p>U okviru programa Ferijalnog rada studenata iz Bosne i Hercegovine koji se realizuju Agencija za rad i zapo\u0161ljavanje Bosne i Hercegovine i Zavod za zapo\u0161ljavanje Republike Srpske, u saradnji sa Centralnom kancelarijom za posredovanje u zapo\u0161ljavanju radne snage iz inostranstva i  Savezne agencije za rad SR Njema\u010dke, za Bosnu i Hercegovinu je odobrena kvota od 50 studenata, od \u010deka je 16 mjesta predvi\u0111eno za studente iz Republike Srpske.<\/p>\n\n\n\n<p>Na ovaj poziv mogu se prijaviti isklju\u010divo redovni studenti univerziteta i visokih \u0161kola u Bosni i Hercegovini koji nisu upisane u posljednju godinu studija.<\/p>\n\n\n\n<p>Rok za dostavljanje prijava je ponedjeljak, 22.3.2021. godine. Poslije izvr\u0161ene selekcije, spisak studenata, \u010dije \u0107e prijave na osnovu kriterija biti odabrane i proslije\u0111ene u Saveznu agenciju za rad SR Njema\u010dke, bi\u0107e objavljen na internet stranici Agencije za rad i zapo\u0161ljavanje Bosne i Hercegovine: www.arz.gov.ba.<\/p>\n\n\n\n<p>Vi\u0161e o ostalim uslovima, na\u010dinu podno\u0161enja prijava, potrebnoj dokumentaciji i kriterijumima odabira kandidata mo\u017eete prona\u0107i u prilo\u017eenim dokumentima, dok se za dodatna poja\u0161njenja mo\u017eete obratiti Zavodu za zapo\u0161ljavanje Republike Srpske, kontakt osoba Tanja Marku\u0161 (057\/490- 823, <strong><a href=\"mailto:tanja.markus@zzzrs.net\" target=\"_blank\" rel=\"noreferrer noopener\" aria-label=\"tanja.markus@zzzrs.net (opens in a new tab)\">tanja.markus@zzzrs.net<\/a><\/strong>).<\/p>\n\n\n\n<p>Prilozi:<\/p>\n\n\n\n<ul class=\"wp-block-list\"><li><strong><a rel=\"noreferrer noopener\" aria-label=\"Javni poziv za ferijalni rad studentima (opens in a new tab)\" href=\"https:\/\/unibl.org\/uploads\/files\/strane\/stipendije\/javni-poziv-2021.doc\" target=\"_blank\">Javni poziv za ferijalni rad studentima<\/a><\/strong><\/li><li><strong><a rel=\"noreferrer noopener\" aria-label=\"Obrazac prijave (Bewerbung) (opens in a new tab)\" href=\"https:\/\/unibl.org\/uploads\/files\/strane\/stipendije\/Bewerbungsbogen_1.pdf\" target=\"_blank\">Obrazac prijave (Bewerbung)<\/a><\/strong><\/li><li><strong><a rel=\"noreferrer noopener\" aria-label=\"Uvjerenje o upisu na fakultet (Immatrikulationsbeschinigung) (opens in a new tab)\" href=\"https:\/\/unibl.org\/uploads\/files\/strane\/stipendije\/Immatrikulation.pdf\" target=\"_blank\">Uvjerenje o upisu na fakultet (Immatrikulationsbeschinigung)<\/a><\/strong><\/li><li><strong><a rel=\"noreferrer noopener\" aria-label=\"Letak o ferijalnom radu stranih studenata u SR Njema\u010dkoj (opens in a new tab)\" href=\"https:\/\/unibl.org\/uploads\/files\/strane\/stipendije\/FB-Informationsblatt.pdf\" target=\"_blank\">Letak o ferijalnom radu stranih studenata u SR Njema\u010dkoj<\/a><\/strong> <\/li><\/ul>\n\n\n\n<p>Preuzeto sa: <a href=\"https:\/\/unibl.org\/sr-lat\/vesti\/2021\/03\/poziv-za-ferijalni-rad-u-njemackoj-u-2021-godini\" target=\"_blank\" rel=\"noreferrer noopener\" aria-label=\"Univerzitet u Banjoj Luci (opens in a new tab)\">Univerzitet u Banjoj Luci<\/a><\/p>\n","protected":false},"excerpt":{"rendered":"<p>Objavljen je poziv studentima univerziteta u Republici Srpskoj za podno\u0161enje prijava za ferijalni rad u SR Njema\u010dkoj u 2021. godini.<\/p>\n","protected":false},"author":1,"featured_media":6873,"comment_status":"closed","ping_status":"open","sticky":false,"template":"","format":"standard","meta":{"om_disable_all_campaigns":false,"_monsterinsights_skip_tracking":false,"_monsterinsights_sitenote_active":false,"_monsterinsights_sitenote_note":"","_monsterinsights_sitenote_category":0,"footnotes":""},"categories":[13],"tags":[2390,3446,181,62],"class_list":["post-6872","post","type-post","status-publish","format-standard","has-post-thumbnail","hentry","category-studenti","tag-2021-godina","tag-ferijalni-rad","tag-njemacka","tag-studenti"],"jetpack_featured_media_url":"https:\/\/www.mladibl.com\/wp-content\/uploads\/2021\/03\/Poziv-za-ferijalni-rad-u-Njema\u010dkoj-u-2021.-godini.jpg","amp_enabled":true,"_links":{"self":[{"href":"https:\/\/www.mladibl.com\/index.php?rest_route=\/wp\/v2\/posts\/6872","targetHints":{"allow":["GET"]}}],"collection":[{"href":"https:\/\/www.mladibl.com\/index.php?rest_route=\/wp\/v2\/posts"}],"about":[{"href":"https:\/\/www.mladibl.com\/index.php?rest_route=\/wp\/v2\/types\/post"}],"author":[{"embeddable":true,"href":"https:\/\/www.mladibl.com\/index.php?rest_route=\/wp\/v2\/users\/1"}],"replies":[{"embeddable":true,"href":"https:\/\/www.mladibl.com\/index.php?rest_route=%2Fwp%2Fv2%2Fcomments&post=6872"}],"version-history":[{"count":1,"href":"https:\/\/www.mladibl.com\/index.php?rest_route=\/wp\/v2\/posts\/6872\/revisions"}],"predecessor-version":[{"id":6874,"href":"https:\/\/www.mladibl.com\/index.php?rest_route=\/wp\/v2\/posts\/6872\/revisions\/6874"}],"wp:featuredmedia":[{"embeddable":true,"href":"https:\/\/www.mladibl.com\/index.php?rest_route=\/wp\/v2\/media\/6873"}],"wp:attachment":[{"href":"https:\/\/www.mladibl.com\/index.php?rest_route=%2Fwp%2Fv2%2Fmedia&parent=6872"}],"wp:term":[{"taxonomy":"category","embeddable":true,"href":"https:\/\/www.mladibl.com\/index.php?rest_route=%2Fwp%2Fv2%2Fcategories&post=6872"},{"taxonomy":"post_tag","embeddable":true,"href":"https:\/\/www.mladibl.com\/index.php?rest_route=%2Fwp%2Fv2%2Ftags&post=6872"}],"curies":[{"name":"wp","href":"https:\/\/api.w.org\/{rel}","templated":true}]}}