{"id":6859,"date":"2021-03-03T09:47:50","date_gmt":"2021-03-03T07:47:50","guid":{"rendered":"http:\/\/www.mladibl.com\/?p=6859"},"modified":"2021-03-03T09:47:52","modified_gmt":"2021-03-03T07:47:52","slug":"podrska-mladima-u-osamostaljivanju-i-pronalazenju-posla","status":"publish","type":"post","link":"https:\/\/www.mladibl.com\/?p=6859","title":{"rendered":"Podr\u0161ka mladima u osamostaljivanju i pronala\u017eenju posla"},"content":{"rendered":"\n<p>\u200bMemorandumom o razumijevanju, koji je potpisan danas u Banjaluci, predvi\u0111ena je institucionalna podr\u0161ka mladima bez roditeljskog staranja u Republici Srpskoj pri profesionalnoj orijentaciji, osamostaljivanju i uklju\u010divanju na tr\u017ei\u0161te rada.<\/p>\n\n\n\n<p>Memorandum su u Administrativnom centru Vlade Republike Srpske potpisali ministar zdravlja i socijalne za\u0161tite Republike Srpske Alen \u0160erani\u0107, direktor Doma za djecu i omladinu bez roditeljskog staranja &#8220;Rada Vranje\u0161evi\u0107&#8221; Vladimir Kajkut i predsjednik Unije udru\u017eenja poslodavaca Republike Srpske Sa\u0161a Trivi\u0107.<\/p>\n\n\n\n<p>Ministar \u0160erani\u0107 je istakao da je cilj memoranduma \u0161to br\u017ee osamostaljivanje djece bez roditeljskog staranja, tako \u0161to \u0107e im se olak\u0161ati pronala\u017eenje posla.<\/p>\n\n\n\n<p>&#8220;Unija udru\u017eenja poslodavaca uklju\u010dena je kako bi se prona\u0161ao na\u010din da poslodavci djeci bez roditeljskog staranja, dok su u srednjoj \u0161koli, u skladu sa njihovim interesovanjima, obezbijede praksu u kompanijama&#8221;, rekao je ministar \u0160erani\u0107.<\/p>\n\n\n\n<p>Direktor Doma &#8220;Rada Vranje\u0161evi\u0107&#8221; Vladimir Kajkut rekao je da je pronalazak posla najve\u0107i izazov za mlade bez roditeljskog staranja koji izlaze iz institucionalne brige.<\/p>\n\n\n\n<p>&#8220;Potpisivanjem ovog memoranduma rije\u0161i\u0107emo upravo taj problem, tako \u0161to \u0107emo na\u0161oj djeci u srednjoj \u0161koli i na fakultetu obezbijediti adekvatnu praksu, kako bi nakon \u0161kolovanja dobili posao&#8221;, rekao je Kajkut.<\/p>\n\n\n\n<p>On je naveo da je u Domu trenutno smje\u0161teno 80 korisnika svih uzrasta, me\u0111u kojima petoro studenata i dvadesetak srednjo\u0161kolaca.<\/p>\n\n\n\n<p>&#8220;Ova tema je kompleksna i o njoj razgovaramo vi\u0161e od godinu dana kako bismo kroz zakonske izmjene ovoj kategoriji mladih omogu\u0107ili da imaju prednost u odnosu na druge&#8221;, rekao je Kajkut.<\/p>\n\n\n\n<p>Predsjednik Unije udru\u017eenja poslodavaca Republike Srpske Sa\u0161a Trivi\u0107 je naveo da \u0107e se putem ovog memoranduma poku\u0161ati pro\u0161iriti baza poslodavaca koji \u0107e djecu bez roditeljskog staranja od drugog razreda srednje \u0161kole primiti na praksu.<\/p>\n\n\n\n<p>&#8220;Nastoja\u0107emo da to bude pla\u0107ena praksa s ciljem da ta djeca ostanu u preduze\u0107ima, te da do navr\u0161ene 21. godine postignemo da oni ne budu socijalni problem&#8221;, rekao je Trivi\u0107.<\/p>\n\n\n\n<p>Sandra Gojkovi\u0107 Arbutina, predstavnik Udru\u017eenja &#8220;Misli dobro&#8221; koje je bilo dio projekta, izrazila je zadovoljstvo \u0161to mladi bez roditeljskog staranja kada napune 18 godina vi\u0161e nisu prepu\u0161teni sami sebi.<\/p>\n\n\n\n<p>&#8220;To nam je i bio cilj, jer kada iza\u0111u iz Doma, gdje su bili za\u0161ti\u0107eni, nije im lako da se sna\u0111u u svijetu punom izazova, bez podr\u0161ke i pomo\u0107i, te nam je bilo va\u017eno da im omogu\u0107imo da se dru\u0161tvo o njima brine jo\u0161 tri godine&#8221;, rekla je Arbutina, podsjetiv\u0161i da je ovakva briga omogu\u0107ena izmjenama Zakona o socijalnoj za\u0161titi.<\/p>\n\n\n\n<p>Preuzeto sa: <a href=\"https:\/\/vladars.net\/sr-SP-Cyrl\/Vlada\/Ministarstva\/MZSZ\/media\/vijesti\/Pages\/potpisivanje-memoranduma-podrska-mladima.aspx\" target=\"_blank\" rel=\"noreferrer noopener\" aria-label=\"Ministarstvo zdravlja i socijalne za\u0161tite (opens in a new tab)\">Ministarstvo zdravlja i socijalne za\u0161tite<\/a><\/p>\n","protected":false},"excerpt":{"rendered":"<p>\u200bMemorandumom o razumijevanju, koji je potpisan danas u Banjaluci, predvi\u0111ena je institucionalna podr\u0161ka mladima bez roditeljskog staranja u Republici Srpskoj<\/p>\n","protected":false},"author":1,"featured_media":6860,"comment_status":"closed","ping_status":"open","sticky":false,"template":"","format":"standard","meta":{"om_disable_all_campaigns":false,"_monsterinsights_skip_tracking":false,"_monsterinsights_sitenote_active":false,"_monsterinsights_sitenote_note":"","_monsterinsights_sitenote_category":0,"footnotes":""},"categories":[31],"tags":[33,3599,526,3600],"class_list":["post-6859","post","type-post","status-publish","format-standard","has-post-thumbnail","hentry","category-ministarstva","tag-mladi","tag-osamostaljivanje","tag-podrska","tag-pronalazenje-posla"],"jetpack_featured_media_url":"https:\/\/www.mladibl.com\/wp-content\/uploads\/2021\/03\/Podr\u0161ka-mladima-u-osamostaljivanju-i-pronala\u017eenju-posla.jpg","amp_enabled":true,"_links":{"self":[{"href":"https:\/\/www.mladibl.com\/index.php?rest_route=\/wp\/v2\/posts\/6859","targetHints":{"allow":["GET"]}}],"collection":[{"href":"https:\/\/www.mladibl.com\/index.php?rest_route=\/wp\/v2\/posts"}],"about":[{"href":"https:\/\/www.mladibl.com\/index.php?rest_route=\/wp\/v2\/types\/post"}],"author":[{"embeddable":true,"href":"https:\/\/www.mladibl.com\/index.php?rest_route=\/wp\/v2\/users\/1"}],"replies":[{"embeddable":true,"href":"https:\/\/www.mladibl.com\/index.php?rest_route=%2Fwp%2Fv2%2Fcomments&post=6859"}],"version-history":[{"count":1,"href":"https:\/\/www.mladibl.com\/index.php?rest_route=\/wp\/v2\/posts\/6859\/revisions"}],"predecessor-version":[{"id":6861,"href":"https:\/\/www.mladibl.com\/index.php?rest_route=\/wp\/v2\/posts\/6859\/revisions\/6861"}],"wp:featuredmedia":[{"embeddable":true,"href":"https:\/\/www.mladibl.com\/index.php?rest_route=\/wp\/v2\/media\/6860"}],"wp:attachment":[{"href":"https:\/\/www.mladibl.com\/index.php?rest_route=%2Fwp%2Fv2%2Fmedia&parent=6859"}],"wp:term":[{"taxonomy":"category","embeddable":true,"href":"https:\/\/www.mladibl.com\/index.php?rest_route=%2Fwp%2Fv2%2Fcategories&post=6859"},{"taxonomy":"post_tag","embeddable":true,"href":"https:\/\/www.mladibl.com\/index.php?rest_route=%2Fwp%2Fv2%2Ftags&post=6859"}],"curies":[{"name":"wp","href":"https:\/\/api.w.org\/{rel}","templated":true}]}}