{"id":6856,"date":"2021-03-03T09:45:17","date_gmt":"2021-03-03T07:45:17","guid":{"rendered":"http:\/\/www.mladibl.com\/?p=6856"},"modified":"2021-03-03T09:45:19","modified_gmt":"2021-03-03T07:45:19","slug":"modernizacija-javnog-prevoza-stratesko-opredjeljenje-grada","status":"publish","type":"post","link":"https:\/\/www.mladibl.com\/?p=6856","title":{"rendered":"Modernizacija javnog prevoza strate\u0161ko opredjeljenje Grada"},"content":{"rendered":"\n<p>Projekat \u201eBl Bus Tracker\u201d, koji omogu\u0107ava jednostavno pra\u0107enje autobusa u javnom gradskom saobra\u0107aju, danas je predstavljen u Banskom dvoru. U okviru projekta, kojeg realizuju Elektrotehni\u010dki fakultet u saradnji sa preduze\u0107em \u201eAutoprevoz\u201c, razvijena je mobilna aplikacija koja pru\u017ea sve informacije u vezi sa gradskim linijama 10, 13 i 17.<\/p>\n\n\n\n<p>Ovo je  jedan od deset izabranih projekata u okviru javnog poziva \u201cGrad budu\u0107nosti\u201c, koji Grad Banja Luka provodi sa Razvojnim programom UN-a i Ministarstvom za nau\u010dnotehnolo\u0161ki razvoj, visoko obrazovanje i informaciono dru\u0161tvo Republike Srpske.<\/p>\n\n\n\n<p>Gradona\u010delnik Dra\u0161ko Stanivukovi\u0107, koji je prisustvovao dana\u0161njoj prezentaciji, kazao je da je strate\u0161ko opredjeljenje Grada potpuna modernizacija javnog prevoza, te da je ovaj projekat va\u017ean korak ka tome.<\/p>\n\n\n\n<p>Kako je naglasio, Banja Luka pokre\u0107e inovacijske izazove jer je to obaveza zbog vremena u kojem \u017eivimo, obaveza prema generacijama koje dolaze i obaveza prema resursima koje imamo.<\/p>\n\n\n\n<p>On je najavio da Grad planira u okviru modernizacije javnog prevoza da do kraja godine postavi do 40 modernih autobuskih stajali\u0161ta u u\u017eem dijelu grada, za \u0161ta \u0107e uskoro biti raspisan javni poziv. Autobuska stajali\u0161ta iz centra grada, kako je naveo, bi\u0107e raspore\u0111ena u seoskom dijelu gdje ih sada uop\u0161te nema.<\/p>\n\n\n\n<p>-Na\u0161a \u017eelja je da udvostru\u010dimo broj korisnika javnog prevoza. To je mogu\u0107e ako napravite javni prevoz da je moderan i pristupa\u010dan i zato mi je drago da imamo partnere u UNDP-u, nadle\u017enom ministarstvu i prevoznicima. Drago mi je i da Elektrotehni\u010dki faklutet ima cilj da do kraja godine svi prevoznici u gradskom dijelu, a naredne godine, i na seoskom podru\u010dju, budu uklju\u010deni u ovu mobilnu aplikaciju \u2013 naveo je Stanivukovi\u0107.<\/p>\n\n\n\n<p>Kako je kazao prof. dr Dra\u017een Br\u0111anin sa Elektrotehni\u010dkog fakulteta Univerziteta u Banjoj Luci \u2013 gra\u0111anima je u Google Play prodavnici dostupna mobilna aplikacija koja pru\u017ea sve informacije u vezi sa gradskim linijama 10, 13 i 17, poput trase, stajali\u0161ta, trenutne pozicije autobusa, procijenjenog vremena dolaska autobusa na odabrano stajali\u0161te itd.<\/p>\n\n\n\n<p>-Do sada je preko 400 korisnika instaliralo ovu besplatnu aplikaciju i nadam se da \u0107emo do kraja godine aplikaciju pro\u0161iriti i drugim linijama javnog prevoza \u2013 naglasio je Br\u0111anin.<\/p>\n\n\n\n<p>\u0160ef Kancelarije UNDP-a u Banjoj Luci, Goran Vukmir kazao je da ovaj projekat na jedan lijep na\u010din odgovara na potrebe gra\u0111ana i rje\u0161ava problem gra\u0111ana koji koriste javni prevoz.<\/p>\n\n\n\n<p>-U isto vrijeme, otvara koristi za same prevoznike, Univrezitet, Grad i ministarstvo u smislu da mo\u017ee da stvori prostor za nau\u010dno-istra\u017eiva\u010dki rad, za nove projekte i komercijalizaciju nekih od tih rje\u0161enja \u2013 kazao je on.<\/p>\n\n\n\n<p>Ministar za nau\u010dnotehnolo\u0161ki razvoj, visoko obrazovanje i informaciono dru\u0161tvo Republike Srpske, Sr\u0111an Raj\u010devi\u0107 kazao je da ova mobilna aplikacija kao jedna pokazna vje\u017eba za ono \u0161to kao Republika i dru\u0161tvo mo\u017eemo da postignemo u razvoju \u201esmart siti\u201c tehnologija.<\/p>\n\n\n\n<p>-Takav koncept razvoja na tzv. otvorenom kodu pru\u017ea mogu\u0107nosti da rezultate implementacije ovog projekta, kao ministarstvo i Vlada, mo\u017eemo da adaptiramo i za druge urbane cjeline u Republici Srpskoj \u2013 zaklju\u010dio je on.<\/p>\n\n\n\n<p>Preuzeto sa: <a href=\"https:\/\/www.banjaluka.rs.ba\/modernizacija-javnog-prevoza\/\" target=\"_blank\" rel=\"noreferrer noopener\" aria-label=\"Grad Banja Luka (opens in a new tab)\">Grad Banja Luka<\/a><\/p>\n","protected":false},"excerpt":{"rendered":"<p>Projekat \u201eBl Bus Tracker\u201d, koji omogu\u0107ava jednostavno pra\u0107enje autobusa u javnom gradskom saobra\u0107aju, danas je predstavljen u Banskom dvoru. U<\/p>\n","protected":false},"author":1,"featured_media":6857,"comment_status":"closed","ping_status":"open","sticky":false,"template":"","format":"standard","meta":{"om_disable_all_campaigns":false,"_monsterinsights_skip_tracking":false,"_monsterinsights_sitenote_active":false,"_monsterinsights_sitenote_note":"","_monsterinsights_sitenote_category":0,"footnotes":""},"categories":[2],"tags":[27,785,715,3598],"class_list":["post-6856","post","type-post","status-publish","format-standard","has-post-thumbnail","hentry","category-vijesti","tag-grad-banja-luka","tag-javni-prevoz","tag-modernizacija","tag-stratesko-opredjeljenje"],"jetpack_featured_media_url":"https:\/\/www.mladibl.com\/wp-content\/uploads\/2021\/03\/Modernizacija-javnog-prevoza-strate\u0161ko-opredjeljenje-Grada.jpg","amp_enabled":true,"_links":{"self":[{"href":"https:\/\/www.mladibl.com\/index.php?rest_route=\/wp\/v2\/posts\/6856","targetHints":{"allow":["GET"]}}],"collection":[{"href":"https:\/\/www.mladibl.com\/index.php?rest_route=\/wp\/v2\/posts"}],"about":[{"href":"https:\/\/www.mladibl.com\/index.php?rest_route=\/wp\/v2\/types\/post"}],"author":[{"embeddable":true,"href":"https:\/\/www.mladibl.com\/index.php?rest_route=\/wp\/v2\/users\/1"}],"replies":[{"embeddable":true,"href":"https:\/\/www.mladibl.com\/index.php?rest_route=%2Fwp%2Fv2%2Fcomments&post=6856"}],"version-history":[{"count":1,"href":"https:\/\/www.mladibl.com\/index.php?rest_route=\/wp\/v2\/posts\/6856\/revisions"}],"predecessor-version":[{"id":6858,"href":"https:\/\/www.mladibl.com\/index.php?rest_route=\/wp\/v2\/posts\/6856\/revisions\/6858"}],"wp:featuredmedia":[{"embeddable":true,"href":"https:\/\/www.mladibl.com\/index.php?rest_route=\/wp\/v2\/media\/6857"}],"wp:attachment":[{"href":"https:\/\/www.mladibl.com\/index.php?rest_route=%2Fwp%2Fv2%2Fmedia&parent=6856"}],"wp:term":[{"taxonomy":"category","embeddable":true,"href":"https:\/\/www.mladibl.com\/index.php?rest_route=%2Fwp%2Fv2%2Fcategories&post=6856"},{"taxonomy":"post_tag","embeddable":true,"href":"https:\/\/www.mladibl.com\/index.php?rest_route=%2Fwp%2Fv2%2Ftags&post=6856"}],"curies":[{"name":"wp","href":"https:\/\/api.w.org\/{rel}","templated":true}]}}