{"id":67,"date":"2019-10-03T15:26:52","date_gmt":"2019-10-03T13:26:52","guid":{"rendered":"http:\/\/www.mladibl.com\/?p=67"},"modified":"2019-10-03T16:08:39","modified_gmt":"2019-10-03T14:08:39","slug":"dostavite-prijedloge-za-kalendare-kulturnih-i-turistickih-manifestacija","status":"publish","type":"post","link":"https:\/\/www.mladibl.com\/?p=67","title":{"rendered":"Dostavite prijedloge za kalendare kulturnih i turisti\u010dkih manifestacija"},"content":{"rendered":"\n<p>Odjeljenje za kulturu, turizam i socijalnu politiku uputilo je danas \ndva javna poziva, i to za dostavljanje prijedloga za Kalendar kulturnih \nmanifestacija grada Banje Luke za 2020. godinu i za Kalendar turisti\u010dkih\n manifestacija grada za 2020. godinu.<\/p>\n\n\n\n<p>U cilju pra\u0107enja kulturnih i turisti\u010dkih aktivnosti i planskog  pristupa u organizaciji manifestacija u gradu Banjoj Luci u narednoj  2020. godini, upu\u0107en je poziv svim zainteresovanim subjektima da nam  dostave program manifestacije za kalendare \u2013 kazali su iz odjeljenja.<\/p>\n\n\n\n<p>Prijave za oba kalendara potrebno je dostaviti odjeljenju putem \nPrijemne kancelarije, do 21. oktobra, i to na popunjenom zahtjevu i \nobrascu, koji se mogu preuzeti sa zvani\u010dne internet stranice grada.<\/p>\n\n\n\n<p>Ovom prilikom, iz resornog odjeljenja pozivaju udru\u017eenja gra\u0111ana, \npravna lica, odnosno organizatore kulturnih i turisti\u010dkih manifestacija,\n da podnesu prijedlog manifestacije za kalendare za idu\u0107u godinu.<\/p>\n\n\n\n<p>Prijave za Kalendar kulturnih manifestacija<\/p>\n\n\n\n<p><a href=\"http:\/\/www.banjaluka.rs.ba\/wp-content\/uploads\/2019\/10\/obavjestenje-kalendar.pdf\" target=\"_blank\" rel=\"noreferrer noopener\" aria-label=\" (opens in a new tab)\">Poziv<\/a><\/p>\n\n\n\n<p><a href=\"http:\/\/www.banjaluka.rs.ba\/wp-content\/uploads\/2019\/10\/GUBL-OB-11-02.docx\" target=\"_blank\" rel=\"noreferrer noopener\" aria-label=\" (opens in a new tab)\">Obrazac<\/a><\/p>\n\n\n\n<p><a href=\"http:\/\/www.banjaluka.rs.ba\/wp-content\/uploads\/2019\/10\/OBRAZAC-K-17-prilog-uz-11-02.doc\" target=\"_blank\" rel=\"noreferrer noopener\" aria-label=\" (opens in a new tab)\">Obrazac-prilog<\/a><\/p>\n\n\n\n<p>Prijave za Kalendar turisti\u010dkih manifestacija<\/p>\n\n\n\n<p><a href=\"http:\/\/www.banjaluka.rs.ba\/wp-content\/uploads\/2019\/10\/obavijest-turizam.pdf\" target=\"_blank\" rel=\"noreferrer noopener\" aria-label=\" (opens in a new tab)\">Poziv<\/a><\/p>\n\n\n\n<p><a href=\"http:\/\/www.banjaluka.rs.ba\/wp-content\/uploads\/2019\/10\/GUBL-OB-11-07.docx\" target=\"_blank\" rel=\"noreferrer noopener\" aria-label=\" (opens in a new tab)\">Obrazac<\/a><\/p>\n\n\n\n<p><a rel=\"noreferrer noopener\" aria-label=\" (opens in a new tab)\" href=\"http:\/\/www.banjaluka.rs.ba\/wp-content\/uploads\/2019\/10\/OBRAZAC-prilog-uz-11-07.doc\" target=\"_blank\">Obrazac-prilog<\/a><\/p>\n\n\n\n<p>Preuzeto sa: <a rel=\"noreferrer noopener\" aria-label=\"Grad Banja Luka (opens in a new tab)\" href=\"http:\/\/www.banjaluka.rs.ba\/%d0%b4%d0%be%d1%81%d1%82%d0%b0%d0%b2%d0%b8%d1%82%d0%b5-%d0%bf%d1%80%d0%b8%d1%98%d0%b5%d0%b4%d0%bb%d0%be%d0%b3%d0%b5-%d0%b7%d0%b0-%d0%ba%d0%b0%d0%bb%d0%b5%d0%bd%d0%b4%d0%b0%d1%80%d0%b5-%d0%ba%d1%83\/\" target=\"_blank\">Grad Banja Luka<\/a><\/p>\n","protected":false},"excerpt":{"rendered":"<p>Odjeljenje za kulturu, turizam i socijalnu politiku uputilo je danas dva javna poziva, i to za dostavljanje prijedloga za Kalendar<\/p>\n","protected":false},"author":1,"featured_media":70,"comment_status":"closed","ping_status":"open","sticky":false,"template":"","format":"standard","meta":{"om_disable_all_campaigns":false,"_monsterinsights_skip_tracking":false,"_monsterinsights_sitenote_active":false,"_monsterinsights_sitenote_note":"","_monsterinsights_sitenote_category":0,"footnotes":""},"categories":[11,7],"tags":[27,28,29,30],"class_list":["post-67","post","type-post","status-publish","format-standard","has-post-thumbnail","hentry","category-gradbanjaluka","category-grantovi","tag-grad-banja-luka","tag-konkursi","tag-kultura","tag-turizam"],"jetpack_featured_media_url":"https:\/\/www.mladibl.com\/wp-content\/uploads\/2019\/10\/logo-grad-banja-luka.png","amp_enabled":true,"_links":{"self":[{"href":"https:\/\/www.mladibl.com\/index.php?rest_route=\/wp\/v2\/posts\/67","targetHints":{"allow":["GET"]}}],"collection":[{"href":"https:\/\/www.mladibl.com\/index.php?rest_route=\/wp\/v2\/posts"}],"about":[{"href":"https:\/\/www.mladibl.com\/index.php?rest_route=\/wp\/v2\/types\/post"}],"author":[{"embeddable":true,"href":"https:\/\/www.mladibl.com\/index.php?rest_route=\/wp\/v2\/users\/1"}],"replies":[{"embeddable":true,"href":"https:\/\/www.mladibl.com\/index.php?rest_route=%2Fwp%2Fv2%2Fcomments&post=67"}],"version-history":[{"count":2,"href":"https:\/\/www.mladibl.com\/index.php?rest_route=\/wp\/v2\/posts\/67\/revisions"}],"predecessor-version":[{"id":78,"href":"https:\/\/www.mladibl.com\/index.php?rest_route=\/wp\/v2\/posts\/67\/revisions\/78"}],"wp:featuredmedia":[{"embeddable":true,"href":"https:\/\/www.mladibl.com\/index.php?rest_route=\/wp\/v2\/media\/70"}],"wp:attachment":[{"href":"https:\/\/www.mladibl.com\/index.php?rest_route=%2Fwp%2Fv2%2Fmedia&parent=67"}],"wp:term":[{"taxonomy":"category","embeddable":true,"href":"https:\/\/www.mladibl.com\/index.php?rest_route=%2Fwp%2Fv2%2Fcategories&post=67"},{"taxonomy":"post_tag","embeddable":true,"href":"https:\/\/www.mladibl.com\/index.php?rest_route=%2Fwp%2Fv2%2Ftags&post=67"}],"curies":[{"name":"wp","href":"https:\/\/api.w.org\/{rel}","templated":true}]}}