{"id":6593,"date":"2021-02-22T01:24:02","date_gmt":"2021-02-21T23:24:02","guid":{"rendered":"http:\/\/www.mladibl.com\/?p=6593"},"modified":"2021-02-22T01:24:04","modified_gmt":"2021-02-21T23:24:04","slug":"webinar-uticaj-pandemije-na-medije-u-bih-i-srbiji","status":"publish","type":"post","link":"https:\/\/www.mladibl.com\/?p=6593","title":{"rendered":"Webinar: Uticaj pandemije na medije u BiH i Srbiji"},"content":{"rendered":"\n<p>O izazovima s kojima su se mediji suo\u010dili i mogu\u0107im odgovorima na promjene nastale na tr\u017ei\u0161tu, govori se u online diskusiji 25. februara u 12:00.<\/p>\n\n\n\n<p>Potreba za kvalitetnim i profesionalnim medijskim izvje\u0161tajima u proteklih godinu bila je ogromna \u2013 kao i rizici i te\u0161ko\u0107e za one koji u medijima rade. Za vi\u0161e rada i u te\u017eim okolnostima novinari i mediji nisu bili dodatno kompenzirani ili nagra\u0111eni, nego su se, suprotno tome, suo\u010dili s dodatnim finansijskim izazovima. Ve\u0107ina medija u Bosni i Hercegovini i Srbiji do\u017eivjela je drasti\u010dan pad prihoda od ogla\u0161avanja, a neki i neredovne isplate ranije predvi\u0111enih dr\u017eavnih grantova i subvencija. Posebni programi pomo\u0107i vlasti medijima izostali su u dvije dr\u017eave.<\/p>\n\n\n\n<p>O izazovima s kojima su se mediji suo\u010dili i mogu\u0107im odgovorima na promjene nastale na tr\u017ei\u0161tu, govorimo u online diskusiji 25. februara u 12:00. Tokom diskusije, Mediacentar Sarajevo i Novosadska novinarska \u0161kola predstavit \u0107e analize o uticaju COVID-19 pandemije na rad medija u BiH i Srbiji, koje su ra\u0111ene u protekla dva mjeseca, a ti\u010du se smanjenja prihoda od ogla\u0161avanja u medijima, otpu\u0161tanja novinara i saradnika medija, kao i potrebama za podr\u0161kom u odr\u017eivosti medija.<\/p>\n\n\n\n<p>Na online panelu govore:<\/p>\n\n\n\n<ul class=\"wp-block-list\"><li>Anida Sokol, istra\u017eiva\u010dica Mediacentra Sarajevo<\/li><li>Sa\u0161a Mirkovi\u0107, medijski stru\u010dnjak, Srbija<\/li><li>Il\u010do Cvetanoski, medijski analiti\u010dar, Bosna i Hercegovina<\/li><li>Petar Klai\u0107, novinar Novosadske novinarske \u0161kole<\/li><\/ul>\n\n\n\n<p>Cilj online panela je kreirati preporuke za vlasti kako pomo\u0107i medijima da slobodnije i uz vi\u0161e sigurnosti i resursa rade svoj posao i da slu\u017ee interesu javnosti. Da pratite i u\u010destvujte u diskusiji, registrujte se putem Zoom linka <strong><a href=\"https:\/\/us02web.zoom.us\/webinar\/register\/WN_QP4YZ__RTzSGSnvlesC4Ww\" target=\"_blank\" rel=\"noreferrer noopener\" aria-label=\"ovdje (opens in a new tab)\">ovdje<\/a><\/strong>.<\/p>\n\n\n\n<p>Preuzeto sa: <a href=\"https:\/\/studomat.ba\/prijavi-se-na-webinar-uticaj-pandemije-na-medije-u-bih-i-srbiji\/109388\/\" target=\"_blank\" rel=\"noreferrer noopener\" aria-label=\"studomat.ba (opens in a new tab)\">studomat.ba<\/a><\/p>\n","protected":false},"excerpt":{"rendered":"<p>O izazovima s kojima su se mediji suo\u010dili i mogu\u0107im odgovorima na promjene nastale na tr\u017ei\u0161tu, govori se u online<\/p>\n","protected":false},"author":1,"featured_media":6594,"comment_status":"closed","ping_status":"open","sticky":false,"template":"","format":"standard","meta":{"om_disable_all_campaigns":false,"_monsterinsights_skip_tracking":false,"_monsterinsights_sitenote_active":false,"_monsterinsights_sitenote_note":"","_monsterinsights_sitenote_category":0,"footnotes":""},"categories":[6],"tags":[512,247,424,315,3448,494],"class_list":["post-6593","post","type-post","status-publish","format-standard","has-post-thumbnail","hentry","category-dogadjaji","tag-bih","tag-mediji","tag-online","tag-srbija","tag-uticaj-pandemije","tag-webinar"],"jetpack_featured_media_url":"https:\/\/www.mladibl.com\/wp-content\/uploads\/2021\/02\/Webinar_-Uticaj-pandemije-na-medije-u-BiH-i-Srbiji.jpg","amp_enabled":true,"_links":{"self":[{"href":"https:\/\/www.mladibl.com\/index.php?rest_route=\/wp\/v2\/posts\/6593","targetHints":{"allow":["GET"]}}],"collection":[{"href":"https:\/\/www.mladibl.com\/index.php?rest_route=\/wp\/v2\/posts"}],"about":[{"href":"https:\/\/www.mladibl.com\/index.php?rest_route=\/wp\/v2\/types\/post"}],"author":[{"embeddable":true,"href":"https:\/\/www.mladibl.com\/index.php?rest_route=\/wp\/v2\/users\/1"}],"replies":[{"embeddable":true,"href":"https:\/\/www.mladibl.com\/index.php?rest_route=%2Fwp%2Fv2%2Fcomments&post=6593"}],"version-history":[{"count":1,"href":"https:\/\/www.mladibl.com\/index.php?rest_route=\/wp\/v2\/posts\/6593\/revisions"}],"predecessor-version":[{"id":6595,"href":"https:\/\/www.mladibl.com\/index.php?rest_route=\/wp\/v2\/posts\/6593\/revisions\/6595"}],"wp:featuredmedia":[{"embeddable":true,"href":"https:\/\/www.mladibl.com\/index.php?rest_route=\/wp\/v2\/media\/6594"}],"wp:attachment":[{"href":"https:\/\/www.mladibl.com\/index.php?rest_route=%2Fwp%2Fv2%2Fmedia&parent=6593"}],"wp:term":[{"taxonomy":"category","embeddable":true,"href":"https:\/\/www.mladibl.com\/index.php?rest_route=%2Fwp%2Fv2%2Fcategories&post=6593"},{"taxonomy":"post_tag","embeddable":true,"href":"https:\/\/www.mladibl.com\/index.php?rest_route=%2Fwp%2Fv2%2Ftags&post=6593"}],"curies":[{"name":"wp","href":"https:\/\/api.w.org\/{rel}","templated":true}]}}