{"id":6518,"date":"2021-02-19T09:38:00","date_gmt":"2021-02-19T07:38:00","guid":{"rendered":"http:\/\/www.mladibl.com\/?p=6518"},"modified":"2021-02-19T09:38:03","modified_gmt":"2021-02-19T07:38:03","slug":"ministar-rajcevic-stavljamo-tacku-na-negativne-pojave-u-visokom-obrazovanju","status":"publish","type":"post","link":"https:\/\/www.mladibl.com\/?p=6518","title":{"rendered":"Ministar Raj\u010devi\u0107: Stavljamo ta\u010dku na negativne pojave u visokom obrazovanju"},"content":{"rendered":"\n<p>\u200b\u201eRepublika Srpska \u0107e pru\u017eiti odlu\u010dan odgovor na sve negativne pojave u oblasti visokog obrazovanja. Kontrolisa\u0107emo izdavanje diploma, rad i anga\u017eman nastavnika i saradnika, ispunjenost uslova za obavljanje djelatnosti, a poseban akcent je saradnja sa nadle\u017enim organima u Br\u010dko Distriktu i Federaciji BiH.<\/p>\n\n\n\n<p>Uo\u010deno je da saradnja inspekcija nije na zadovoljavaju\u0107em nivou, a to je preduslov da bi operativno djelovali po ovim pitanjima&#8221;, poru\u010dio je ministar za nau\u010dnotehnolo\u0161ki razvoj, visoko obrazovanje i informaciono dru\u0161tvo Republike Srpske Sr\u0111an Raj\u010devi\u0107, nakon prvog sastanka Komisije za borbu protiv negativnih pojava u visokom obrazovanju u Republici Srpskoj, odr\u017eanom danas u prostorijama Ministarstva.<\/p>\n\n\n\n<p>Sastanku su prisustvovali predstavnici Ministarstva za nau\u010dnotehnolo\u0161ki razvoj, visoko obrazovanje i informaciono dr\u0161tvo Republike Srpske, Ministarstva unutra\u0161njih poslova Republike Srpske, Republi\u010dke uprave za inspekcijske poslove i Agencije za visoko obrazovanje Republike Srpske.<\/p>\n\n\n\n<p>\u201eOvo je po\u010detak kraja pri\u010de o la\u017enim diplomama i svega \u0161to se u oblasti visokog obrazovanja u Srpskoj pojavljuje u negativnom kontekstu. Pozivam kolege u Federaciji i Br\u010dko Distriktu da ulo\u017eimo zajedni\u010dke napore kako bi se obra\u010dunali sa me\u0161etarima koji zarad profita ili druge vrste interesa uni\u0161tavaju sada\u0161nje i budu\u0107e generacije&#8221;, naglasio je ministar Raj\u010devi\u0107.<\/p>\n\n\n\n<p>Na sastanku Komisije je dogovoreno da \u0107e Agencija za visoko obrazovanje Republike Srpske na sljede\u0107em sastanku Komisije, planiranom 25.02.2021. godine, predlo\u017eiti kriterijume i parametre za uvo\u0111enje sistema rangiranja kvaliteta visoko\u0161kolskih ustanova u Republici Srpskoj. Ova rang lista \u0107e slu\u017eiti kao orijentir poslodavcima u javnom i realnom sektoru prilikom zapo\u0161ljavanja, a u skladu sa najboljom evropskom i svjetskom praksom.<\/p>\n\n\n\n<p>\u201eRepubli\u010dka prosvjetna inspekcija \u0107e predlo\u017eiti akcioni plan sveobuhvatne kontrole rada visoko\u0161kolskih ustanova. Komisija \u0107e nakon izvr\u0161ene kontrole rada svih visoko\u0161kolskih ustanova Vladi Republike Srpske predo\u010diti nalaze inspekcije sa prijedlozima daljeg postupanja u odnosu na eventualne uo\u010dene nedostatke&#8221;, rekao je ministar Sr\u0111an Raj\u010devi\u0107.<\/p>\n\n\n\n<p>Ministarstvo za nau\u010dnotehnolo\u0161ki razvoj, visoko obrazovanje i informaciono dru\u0161tvo \u0107e pristupiti reviziji Registra visoko\u0161kolskih ustanova sa fokusom na status zaposlenih nastavnika i saradnika.<\/p>\n\n\n\n<p>Preuzeto sa: <a href=\"https:\/\/vladars.net\/sr-SP-Cyrl\/Vlada\/Ministarstva\/mnk\/media\/vijesti\/Pages\/Odrzana-prva-sjednica-komisije.aspx\" target=\"_blank\" rel=\"noreferrer noopener\" aria-label=\"Ministarstvo za nau\u010dnotehnolo\u0161ki razvoj, visoko obrazovanje i informaciono dru\u0161tvo (opens in a new tab)\">Ministarstvo za nau\u010dnotehnolo\u0161ki razvoj, visoko obrazovanje i informaciono dru\u0161tvo<\/a><\/p>\n","protected":false},"excerpt":{"rendered":"<p>\u200b\u201eRepublika Srpska \u0107e pru\u017eiti odlu\u010dan odgovor na sve negativne pojave u oblasti visokog obrazovanja. Kontrolisa\u0107emo izdavanje diploma, rad i anga\u017eman<\/p>\n","protected":false},"author":1,"featured_media":6519,"comment_status":"closed","ping_status":"open","sticky":false,"template":"","format":"standard","meta":{"om_disable_all_campaigns":false,"_monsterinsights_skip_tracking":false,"_monsterinsights_sitenote_active":false,"_monsterinsights_sitenote_note":"","_monsterinsights_sitenote_category":0,"footnotes":""},"categories":[31],"tags":[2991,419,885],"class_list":["post-6518","post","type-post","status-publish","format-standard","has-post-thumbnail","hentry","category-ministarstva","tag-negativne-pojave","tag-srdan-rajcevic","tag-visoko-obrazovanje"],"jetpack_featured_media_url":"https:\/\/www.mladibl.com\/wp-content\/uploads\/2021\/02\/Ministar-Raj\u010devi\u0107_-Stavljamo-ta\u010dku-na-negativne-pojave-u-visokom-obrazovanju.jpg","amp_enabled":true,"_links":{"self":[{"href":"https:\/\/www.mladibl.com\/index.php?rest_route=\/wp\/v2\/posts\/6518","targetHints":{"allow":["GET"]}}],"collection":[{"href":"https:\/\/www.mladibl.com\/index.php?rest_route=\/wp\/v2\/posts"}],"about":[{"href":"https:\/\/www.mladibl.com\/index.php?rest_route=\/wp\/v2\/types\/post"}],"author":[{"embeddable":true,"href":"https:\/\/www.mladibl.com\/index.php?rest_route=\/wp\/v2\/users\/1"}],"replies":[{"embeddable":true,"href":"https:\/\/www.mladibl.com\/index.php?rest_route=%2Fwp%2Fv2%2Fcomments&post=6518"}],"version-history":[{"count":1,"href":"https:\/\/www.mladibl.com\/index.php?rest_route=\/wp\/v2\/posts\/6518\/revisions"}],"predecessor-version":[{"id":6520,"href":"https:\/\/www.mladibl.com\/index.php?rest_route=\/wp\/v2\/posts\/6518\/revisions\/6520"}],"wp:featuredmedia":[{"embeddable":true,"href":"https:\/\/www.mladibl.com\/index.php?rest_route=\/wp\/v2\/media\/6519"}],"wp:attachment":[{"href":"https:\/\/www.mladibl.com\/index.php?rest_route=%2Fwp%2Fv2%2Fmedia&parent=6518"}],"wp:term":[{"taxonomy":"category","embeddable":true,"href":"https:\/\/www.mladibl.com\/index.php?rest_route=%2Fwp%2Fv2%2Fcategories&post=6518"},{"taxonomy":"post_tag","embeddable":true,"href":"https:\/\/www.mladibl.com\/index.php?rest_route=%2Fwp%2Fv2%2Ftags&post=6518"}],"curies":[{"name":"wp","href":"https:\/\/api.w.org\/{rel}","templated":true}]}}