{"id":64,"date":"2019-10-03T15:22:48","date_gmt":"2019-10-03T13:22:48","guid":{"rendered":"http:\/\/www.mladibl.com\/?p=64"},"modified":"2019-10-07T08:52:13","modified_gmt":"2019-10-07T06:52:13","slug":"edukativne-radionice-o-zastiti-djece-na-fejsbuku","status":"publish","type":"post","link":"https:\/\/www.mladibl.com\/?p=64","title":{"rendered":"Edukativne radionice o za\u0161titi djece na fejsbuku"},"content":{"rendered":"\n<p>U okviru projekta \u201eBanja Luka ljudskog lica\u201c, od ovog mjeseca  zapo\u010de\u0107e realizacija preventivnog programa za djecu i mlade pod nazivom  \u201eFejsgrup\u201c.<\/p>\n\n\n\n<p>Imaju\u0107i u vidu prisutnost dru\u0161tvenih mre\u017ea u \u017eivotima mladih ljudi,  osmi\u0161ljena je serija od 15 edukativnih radionica sa ciljem obuke mladih o  temama kao \u0161to su: asertivna komunikacija, emocionalna pismenost,  prihvatanje i otpisivanje kritika i pohvala, izgradnja pozitivne slike o  sebi i svojim sposobnostima \u2013 isti\u010du u \u201eNovoj generaciji\u201c, udru\u017eenju  koje provodi ovaj projekat.<\/p>\n\n\n\n<p>Glavna ciljna grupa ovog projekta su djeca uzrasta od 14 do 15  godina, a radionice \u0107e biti odr\u017eane u prostorijama mjesne zajadnice  Star\u010devica, po\u010dev\u0161i od 15. oktobra ove godine. U\u010de\u0161\u0107e u radionicama je  besplatno. Raspored radionica mo\u017eete pogledati <a href=\"http:\/\/www.banjaluka.rs.ba\/wp-content\/uploads\/2019\/10\/fejsgrup.pdf\" target=\"_blank\" rel=\"noreferrer noopener\" aria-label=\" (opens in a new tab)\">OVDJE<\/a>.<\/p>\n\n\n\n<p>Zainteresovani za radionice mogu se prijaviti putem telefona broj 051  923 270, ili elektronskom po\u0161tom na&nbsp; <a href=\"mailto:info@novageneracija.org\" target=\"_blank\" rel=\"noreferrer noopener\" aria-label=\"info@novageneracija.org (opens in a new tab)\">info@novageneracija.org<\/a><\/p>\n\n\n\n<p>Projekat \u0107e biti relaizovan zahvaljuju\u0107i podr\u0161ci programa \u201eBosnia and\n Herzegovina Resilience Initiative (BHRI)\u201c, koji sprovodi Me\u0111unarodna \norganizacija za migracije, uz finansijsku podr\u0161ku Ameri\u010dke agencije za \nme\u0111unarodni razvoj (USAID).<\/p>\n\n\n\n<p>Grad Banja Luka je podr\u017eao ovaj projekat.<\/p>\n\n\n\n<p>Preuzeto sa: <a rel=\"noreferrer noopener\" aria-label=\"Grad Banja Luka (opens in a new tab)\" href=\"http:\/\/www.banjaluka.rs.ba\/%d0%b5%d0%b4%d1%83%d0%ba%d0%b0%d1%82%d0%b8%d0%b2%d0%bd%d0%b5-%d1%80%d0%b0%d0%b4%d0%b8%d0%be%d0%bd%d0%b8%d1%86%d0%b5-%d0%be-%d0%b7%d0%b0%d1%88%d1%82%d0%b8%d1%82%d0%b8-%d0%b4%d1%98%d0%b5%d1%86%d0%b5\/?sr_pismo=lat\" target=\"_blank\">Grad Banja Luka<\/a><\/p>\n","protected":false},"excerpt":{"rendered":"<p>U okviru projekta \u201eBanja Luka ljudskog lica\u201c, od ovog mjeseca zapo\u010de\u0107e realizacija preventivnog programa za djecu i mlade pod nazivom<\/p>\n","protected":false},"author":1,"featured_media":65,"comment_status":"closed","ping_status":"open","sticky":false,"template":"","format":"standard","meta":{"om_disable_all_campaigns":false,"_monsterinsights_skip_tracking":false,"_monsterinsights_sitenote_active":false,"_monsterinsights_sitenote_note":"","_monsterinsights_sitenote_category":0,"footnotes":""},"categories":[4],"tags":[25,27],"class_list":["post-64","post","type-post","status-publish","format-standard","has-post-thumbnail","hentry","category-edukacija","tag-edukacija","tag-grad-banja-luka"],"jetpack_featured_media_url":"https:\/\/www.mladibl.com\/wp-content\/uploads\/2019\/10\/fejsgrup.jpg","amp_enabled":true,"_links":{"self":[{"href":"https:\/\/www.mladibl.com\/index.php?rest_route=\/wp\/v2\/posts\/64","targetHints":{"allow":["GET"]}}],"collection":[{"href":"https:\/\/www.mladibl.com\/index.php?rest_route=\/wp\/v2\/posts"}],"about":[{"href":"https:\/\/www.mladibl.com\/index.php?rest_route=\/wp\/v2\/types\/post"}],"author":[{"embeddable":true,"href":"https:\/\/www.mladibl.com\/index.php?rest_route=\/wp\/v2\/users\/1"}],"replies":[{"embeddable":true,"href":"https:\/\/www.mladibl.com\/index.php?rest_route=%2Fwp%2Fv2%2Fcomments&post=64"}],"version-history":[{"count":2,"href":"https:\/\/www.mladibl.com\/index.php?rest_route=\/wp\/v2\/posts\/64\/revisions"}],"predecessor-version":[{"id":79,"href":"https:\/\/www.mladibl.com\/index.php?rest_route=\/wp\/v2\/posts\/64\/revisions\/79"}],"wp:featuredmedia":[{"embeddable":true,"href":"https:\/\/www.mladibl.com\/index.php?rest_route=\/wp\/v2\/media\/65"}],"wp:attachment":[{"href":"https:\/\/www.mladibl.com\/index.php?rest_route=%2Fwp%2Fv2%2Fmedia&parent=64"}],"wp:term":[{"taxonomy":"category","embeddable":true,"href":"https:\/\/www.mladibl.com\/index.php?rest_route=%2Fwp%2Fv2%2Fcategories&post=64"},{"taxonomy":"post_tag","embeddable":true,"href":"https:\/\/www.mladibl.com\/index.php?rest_route=%2Fwp%2Fv2%2Ftags&post=64"}],"curies":[{"name":"wp","href":"https:\/\/api.w.org\/{rel}","templated":true}]}}