{"id":639,"date":"2020-01-04T14:18:37","date_gmt":"2020-01-04T12:18:37","guid":{"rendered":"http:\/\/www.mladibl.com\/?p=639"},"modified":"2020-01-10T14:21:11","modified_gmt":"2020-01-10T12:21:11","slug":"prijavite-projekte-za-proljece-u-banjaluci","status":"publish","type":"post","link":"https:\/\/www.mladibl.com\/?p=639","title":{"rendered":"Prijavite projekte za &#8220;Prolje\u0107e u Banjaluci&#8221;"},"content":{"rendered":"\n<p>Sva udru\u017eenja gra\u0111ana i druga pravna lica, koja imaju ideje i projekte za manifestacije ovogodi\u0161njeg \u201eProlje\u0107a u Banjaluci\u201c, mogu da ih prijave na poziv za sufinansiranje.<\/p>\n\n\n\n<p>Ovaj poziv Gradske uprave otvoren je do 17. januara, a sve predlo\u017eene manifestacije treba da budu realizovane u periodu od 15. aprila do 15. juna ove godine.<\/p>\n\n\n\n<blockquote class=\"wp-block-quote is-layout-flow wp-block-quote-is-layout-flow\"><p>-Udru\u017eenja gra\u0111ana, fondacije i druga pravna lica koja imaju obezbije\u0111en dio sredstava za svoje projekte, bilo da se radi o kulturi, turizmu ili sportu, mogu da se prijave na na\u0161 javni poziv. Tako \u0107e imati mogu\u0107nost da postanu dio bloka doga\u0111aja koji \u0107emo organizovati u okviru \u201eProlje\u0107a u Banjaluci\u201c, manifestacije koja je ve\u0107 postala prepoznatljiva po brojnosti i kvalitetu doga\u0111aja koje je \u010dine \u2013 kazao je na\u010delnik Odjeljenja za kulturu, turizam i socijalnu politiku Neven Stani\u0107. On je dodao da je u gradskom bud\u017eetu za ovaj poziv predvi\u0111eno 150.000 KM.<\/p><\/blockquote>\n\n\n\n<p>Kako je istakao, objedinjavanjem gotovo svih kulturnih, sportskih i turisti\u010dkih doga\u0111aja u ovaj program ima za cilj da se Banja Luka i regionalno promovi\u0161e i privla\u010di posjetioce iz cijelog regiona.<\/p>\n\n\n\n<blockquote class=\"wp-block-quote is-layout-flow wp-block-quote-is-layout-flow\"><p>-Poziv za izbor manifestacija za \u201eProlje\u0107e u Banjaluci\u201c trebalo bi da doprinese da se do\u0111e do jo\u0161 kvalitetnog i novog sadr\u017eaja. Zato je potrebno da organizatori predlo\u017ee kreativan sadr\u017eaj koji \u0107e pobolj\u0161ati kulturnu, turisti\u010dku, sportsku, zabavnu i gastronomsku ponudu u gradu za goste, turiste i doma\u0107e stanovni\u0161tvo \u2013 rekao je Stani\u0107.<\/p><\/blockquote>\n\n\n\n<p>Prema pozivu, ve\u0107ina sadr\u017eaja treba da bude vezana za dva zna\u010dajna datuma za grad Banju Luku \u2013 22. april Dan grada i Spasovdan, krsnu slavu grada, koja se naredne godine obilje\u017eava 28.maja.<\/p>\n\n\n\n<p>Govore\u0107i o pro\u0161logodi\u0161njem \u201eProlje\u0107u u Banjaluci\u201c, on je naveo da je bilo vi\u0161e od 90 doga\u0111aja koje su finansirali i Grad i organizatori.<\/p>\n\n\n\n<blockquote class=\"wp-block-quote is-layout-flow wp-block-quote-is-layout-flow\"><p>-Zabilje\u017eeni su vi\u0161estruko pozitivni efekti kako za gradu tako i za poslovnu zajednicu. Konkretno, za \u010detiri odsto porastao je prihod od prometa u ugostiteljskim objektima i hotelima, a za devet odsto prihod od boravi\u0161ne takse. To sve ide u prilog tome da mo\u017eemo da razvijamo turizam i turisti\u010dke kapacitete \u2013 zaklju\u010dio je Stani\u0107.<\/p><\/blockquote>\n\n\n\n<p>Kompletan javni poziv za izbor manifeastacija koje \u0107e biti sufinansirane u okviru ovogodi\u0161njeg \u201eProlje\u0107a u Banjaluci\u201c mo\u017eete preuzeti <a href=\"http:\/\/www.banjaluka.rs.ba\/javne_nabavke\/%d1%98%d0%b0%d0%b2%d0%bd%d0%b8-%d0%bf%d0%be%d0%b7%d0%b8%d0%b2-%d0%b7%d0%b0-%d0%b8%d0%b7%d0%b1%d0%be%d1%80-%d0%bc%d0%b0%d0%bd%d0%b8%d1%84%d0%b5%d1%81%d1%82%d0%b0%d1%86%d0%b8%d1%98%d0%b0-%d0%bf%d1%80\/\" target=\"_blank\" rel=\"noreferrer noopener\" aria-label=\"ovdje (opens in a new tab)\">ovdje<\/a>.<\/p>\n\n\n\n<p>Preuzeto sa: <a href=\"http:\/\/www.banjaluka.rs.ba\/%d0%bf%d1%80%d0%b8%d1%98%d0%b0%d0%b2%d0%b8%d1%82%d0%b5-%d0%bf%d1%80%d0%be%d1%98%d0%b5%d0%ba%d1%82%d0%b5-%d0%b7%d0%b0-%d0%bf%d1%80%d0%be%d1%99%d0%b5%d1%9b%d0%b5-%d1%83-%d0%b1%d0%b0%d1%9a%d0%b0\/\" target=\"_blank\" rel=\"noreferrer noopener\" aria-label=\"Grad Banja Luka (opens in a new tab)\">Grad Banja Luka<\/a><\/p>\n","protected":false},"excerpt":{"rendered":"<p>Sva udru\u017eenja gra\u0111ana i druga pravna lica, koja imaju ideje i projekte za manifestacije ovogodi\u0161njeg \u201eProlje\u0107a u Banjaluci\u201c, mogu da<\/p>\n","protected":false},"author":1,"featured_media":495,"comment_status":"closed","ping_status":"open","sticky":false,"template":"","format":"standard","meta":{"om_disable_all_campaigns":false,"_monsterinsights_skip_tracking":false,"_monsterinsights_sitenote_active":false,"_monsterinsights_sitenote_note":"","_monsterinsights_sitenote_category":0,"footnotes":""},"categories":[2],"tags":[38,163],"class_list":["post-639","post","type-post","status-publish","format-standard","has-post-thumbnail","hentry","category-vijesti","tag-projekti","tag-proljece-u-banjaluci"],"jetpack_featured_media_url":"https:\/\/www.mladibl.com\/wp-content\/uploads\/2019\/12\/proljece-u-banjaluci.jpg","amp_enabled":true,"_links":{"self":[{"href":"https:\/\/www.mladibl.com\/index.php?rest_route=\/wp\/v2\/posts\/639","targetHints":{"allow":["GET"]}}],"collection":[{"href":"https:\/\/www.mladibl.com\/index.php?rest_route=\/wp\/v2\/posts"}],"about":[{"href":"https:\/\/www.mladibl.com\/index.php?rest_route=\/wp\/v2\/types\/post"}],"author":[{"embeddable":true,"href":"https:\/\/www.mladibl.com\/index.php?rest_route=\/wp\/v2\/users\/1"}],"replies":[{"embeddable":true,"href":"https:\/\/www.mladibl.com\/index.php?rest_route=%2Fwp%2Fv2%2Fcomments&post=639"}],"version-history":[{"count":1,"href":"https:\/\/www.mladibl.com\/index.php?rest_route=\/wp\/v2\/posts\/639\/revisions"}],"predecessor-version":[{"id":640,"href":"https:\/\/www.mladibl.com\/index.php?rest_route=\/wp\/v2\/posts\/639\/revisions\/640"}],"wp:featuredmedia":[{"embeddable":true,"href":"https:\/\/www.mladibl.com\/index.php?rest_route=\/wp\/v2\/media\/495"}],"wp:attachment":[{"href":"https:\/\/www.mladibl.com\/index.php?rest_route=%2Fwp%2Fv2%2Fmedia&parent=639"}],"wp:term":[{"taxonomy":"category","embeddable":true,"href":"https:\/\/www.mladibl.com\/index.php?rest_route=%2Fwp%2Fv2%2Fcategories&post=639"},{"taxonomy":"post_tag","embeddable":true,"href":"https:\/\/www.mladibl.com\/index.php?rest_route=%2Fwp%2Fv2%2Ftags&post=639"}],"curies":[{"name":"wp","href":"https:\/\/api.w.org\/{rel}","templated":true}]}}