{"id":6273,"date":"2021-02-11T10:32:49","date_gmt":"2021-02-11T08:32:49","guid":{"rendered":"http:\/\/www.mladibl.com\/?p=6273"},"modified":"2021-02-11T10:32:51","modified_gmt":"2021-02-11T08:32:51","slug":"kurs-o-vrsnjackoj-edukaciji-erasmus","status":"publish","type":"post","link":"https:\/\/www.mladibl.com\/?p=6273","title":{"rendered":"Kurs o vr\u0161nja\u010dkoj edukaciji Erasmus+"},"content":{"rendered":"\n<p>Otvoren je rok za prijavu za trening o jednoj od najefikasnijih nastavnih praksi zasnovanih na dokazima. Nastavnici ga koriste ne samo kao sredstvo za profesionalni razvoj tokom aktivnosti posmatranja na \u010dasu, vec\u0301 i u komunikaciji sa u\u010denicima i roditeljima. Osna\u017euje nastavnike, povezuje timove i dovodi do boljih odnosa. U toku kursa o vr\u0161nja\u010dkom treningu u\u010desnici treniraju svoje trenerske vje\u0161tine postavljanjem moc\u0301nih pitanja i kori\u0161c\u0301enjem GROV modela treniranja.<\/p>\n\n\n\n<p>OBLAST: Obrazovanje<\/p>\n\n\n\n<p>OPIS: Glavni cilj kursa je pripremiti u\u010desnike za profesionalno vo\u0111enje treninga u kontekstu vr\u0161nja\u010dkog treninga.<\/p>\n\n\n\n<p>Na kraju kursa u\u010desnici c\u0301e stec\u0301i zna\u010dajno razumijevanje okvira i modela treniranja. Oni c\u0301e razviti osnovne vje\u0161tine treniranja, uklju\u010dujuc\u0301i proces posmatranja, povratne informacije, ispitivanje, slu\u0161anje, podizanje svijesti, uspostavljanje i odr\u017eavanje autenti\u010dnih odnosa. U\u010desnici c\u0301e biti u moguc\u0301nosti da osmisle trening sesiju sa razli\u010ditim obu\u010denim alatima. Bic\u0301e nagla\u0161eno kori\u0161c\u0301enje vr\u0161nja\u010dkog treniranja u razli\u010ditim kontekstima.<\/p>\n\n\n\n<p>USLOVI<\/p>\n\n\n\n<ul class=\"wp-block-list\"><li>Nastavni karakter;<\/li><li>Emocionalna inteligencija;<\/li><li>Razvoj karijere;<\/li><li>Sertifikat o poha\u0111anju;<\/li><li>Europass mobilnost.<\/li><\/ul>\n\n\n\n<p>NA\u010cIN PRIJAVE: Svi zainteresovani pojedinci mogu se prijaviti popunjavanjem aplikacione forme na: <strong><a href=\"https:\/\/docs.google.com\/forms\/d\/e\/1FAIpQLSdVhIebaWkqqxoWenuSYQlSLbepf6PNNxdEEyGoUznF5TU8wg\/viewform\" target=\"_blank\" rel=\"noreferrer noopener\" aria-label=\"https:\/\/docs.google.com\/forms\/d\/e\/1FAIpQLSdVhIebaWkqqxoWenuSYQlSLbepf6PNNxdEEyGoUznF5TU8wg\/viewform (opens in a new tab)\">https:\/\/docs.google.com\/forms\/d\/e\/1FAIpQLSdVhIebaWkqqxoWenuSYQlSLbepf6PNNxdEEyGoUznF5TU8wg\/viewform<\/a><\/strong><\/p>\n\n\n\n<p>ROK ZA PRIJAVU: U toku.<\/p>\n\n\n\n<p>Detaljnije na: <strong><a href=\"https:\/\/www.erasmuspluscourses.com\/peer-coaching-as-a-sustainable-source-of-professional-development.html\" target=\"_blank\" rel=\"noreferrer noopener\" aria-label=\"https:\/\/www.erasmuspluscourses.com\/peer-coaching-as-a-sustainable-source-of-professional-development.html (opens in a new tab)\">https:\/\/www.erasmuspluscourses.com\/peer-coaching-as-a-sustainable-source-of-professional-development.html<\/a><\/strong><\/p>\n\n\n\n<p>Preuzeto sa: <a href=\"https:\/\/mladiinfo.me\/prijava-za-kurs-o-vrsnjackoj-edukaciji-erasmus\" target=\"_blank\" rel=\"noreferrer noopener\" aria-label=\"mladiinfo.me (opens in a new tab)\">mladiinfo.me<\/a><\/p>\n","protected":false},"excerpt":{"rendered":"<p>Otvoren je rok za prijavu za trening o jednoj od najefikasnijih nastavnih praksi zasnovanih na dokazima. Nastavnici ga koriste ne<\/p>\n","protected":false},"author":1,"featured_media":6274,"comment_status":"closed","ping_status":"open","sticky":false,"template":"","format":"standard","meta":{"om_disable_all_campaigns":false,"_monsterinsights_skip_tracking":false,"_monsterinsights_sitenote_active":false,"_monsterinsights_sitenote_note":"","_monsterinsights_sitenote_category":0,"footnotes":""},"categories":[4],"tags":[25,20,1919,3293],"class_list":["post-6273","post","type-post","status-publish","format-standard","has-post-thumbnail","hentry","category-edukacija","tag-edukacija","tag-erasmus","tag-kurs","tag-vrsnjacka"],"jetpack_featured_media_url":"https:\/\/www.mladibl.com\/wp-content\/uploads\/2021\/02\/Kurs-o-vr\u0161nja\u010dkoj-edukaciji-Erasmus.jpg","amp_enabled":true,"_links":{"self":[{"href":"https:\/\/www.mladibl.com\/index.php?rest_route=\/wp\/v2\/posts\/6273","targetHints":{"allow":["GET"]}}],"collection":[{"href":"https:\/\/www.mladibl.com\/index.php?rest_route=\/wp\/v2\/posts"}],"about":[{"href":"https:\/\/www.mladibl.com\/index.php?rest_route=\/wp\/v2\/types\/post"}],"author":[{"embeddable":true,"href":"https:\/\/www.mladibl.com\/index.php?rest_route=\/wp\/v2\/users\/1"}],"replies":[{"embeddable":true,"href":"https:\/\/www.mladibl.com\/index.php?rest_route=%2Fwp%2Fv2%2Fcomments&post=6273"}],"version-history":[{"count":1,"href":"https:\/\/www.mladibl.com\/index.php?rest_route=\/wp\/v2\/posts\/6273\/revisions"}],"predecessor-version":[{"id":6275,"href":"https:\/\/www.mladibl.com\/index.php?rest_route=\/wp\/v2\/posts\/6273\/revisions\/6275"}],"wp:featuredmedia":[{"embeddable":true,"href":"https:\/\/www.mladibl.com\/index.php?rest_route=\/wp\/v2\/media\/6274"}],"wp:attachment":[{"href":"https:\/\/www.mladibl.com\/index.php?rest_route=%2Fwp%2Fv2%2Fmedia&parent=6273"}],"wp:term":[{"taxonomy":"category","embeddable":true,"href":"https:\/\/www.mladibl.com\/index.php?rest_route=%2Fwp%2Fv2%2Fcategories&post=6273"},{"taxonomy":"post_tag","embeddable":true,"href":"https:\/\/www.mladibl.com\/index.php?rest_route=%2Fwp%2Fv2%2Ftags&post=6273"}],"curies":[{"name":"wp","href":"https:\/\/api.w.org\/{rel}","templated":true}]}}