{"id":6237,"date":"2021-02-10T10:11:01","date_gmt":"2021-02-10T08:11:01","guid":{"rendered":"http:\/\/www.mladibl.com\/?p=6237"},"modified":"2021-02-10T10:11:04","modified_gmt":"2021-02-10T08:11:04","slug":"pola-vijeka-muzeja-savremene-umjetnosti","status":"publish","type":"post","link":"https:\/\/www.mladibl.com\/?p=6237","title":{"rendered":"Pola vijeka Muzeja savremene umjetnosti"},"content":{"rendered":"\n<p>Muzej savremene umjetnosti Republike Srpske obilje\u017eava 50 godina postojanja i tim povodom, u ovoj instituciji kulture, u \u010detvrtak \u0107e biti prire\u0111ena izlo\u017eba pod nazivom \u201eOd Galerije do Muzeja\u201c.<\/p>\n\n\n\n<p>-Rije\u010d je o multimedijalnoj izlo\u017ebi dokumentarnog karaktera koju \u010dini izbor iz bogate i raznovrsne muzejske dokumentacije prikupljane tokom ovog perioda (fotografije, novinski \u010dlanci, plakati, video materijal i publikacije) kao i selekcija djela iz muzejske kolekcije. Izlo\u017eba je osmi\u0161ljena sa ciljem da se obuhvati istorijat i djelovanje institucije tokom prethodnih pet decenija, kroz nekoliko tematskih cjelina, od osnivanja do danas \u2013 ka\u017eu u Muzeju savremene umjetnosti Republike Srpske.<\/p>\n\n\n\n<p>Pri\u010da o instituciji zapo\u010dinje rijetkom fotografskom gra\u0111om u vezi sa \u201eAkcijom solidarnosti\u201c likovnih umjetnika Jugoslavije i svijeta, pokrenutu nakon katastrofalnog zemljotresa koji je pogodio Banju Luku 1969. godine, \u0161to je prethodilo osnivanju Umjetni\u010dke galerije 1971. godine. Dat je i prikaz sve\u010danosti uprili\u010dene povodom otvaranja Umjetni\u010dke galerije u zgradi stare \u017eeljezni\u010dke stanice i prve stalne postavke 22. aprila 1981. godine.<\/p>\n\n\n\n<p>Posebna pa\u017enja posve\u0107ena je predstavljanju Jesenjeg salona \u2013 likovne manifestacije bijenalnog karaktera, izuzetno zna\u010dajne i zapa\u017eene na nekada\u0161njem jugoslovenskom prostoru, koju su organizovali Umjetni\u010dka galerija i Dom kulture u Banjoj Luci, u periodu od 1962. do 1992. godine.<\/p>\n\n\n\n<p>Djelovanje institucije od preimenovanja u Muzej savremene umjetnosti Republike Srpske 2004. godine, prezentovano je najzna\u010dajnijim izlo\u017ebama koje se odnose na intenzivno podsticanje razvoja savremenih umjetni\u010dkih praksi ovog prostora, zahvaljuju\u0107u \u010demu je aktivirana veoma \u017eiva i dinami\u010dna savremena scena, \u010diji dometi su prepoznati i u me\u0111unarodnim okvirima.<\/p>\n\n\n\n<p>Najva\u017eniji dosada\u0161nji projekat Muzeja jeste organizacija, produkcija i prezentacija Paviljona Bosne i Hercegovine na Venecijanskom bijenalu 2013. i 2017. godine, kao i predstavljanje inostrane zbirke Muzeja u okviru izlo\u017ebe \u201ePunktumi\u201c 2018. godine povodom obilje\u017eavanja \u201eEvropske godine kulturne ba\u0161tine\u201c podr\u017eane od strane Delegacije Evropske unije u BiH i UNESCO regionalnog biroa za nauku i kulturu u Evropi, kao i izlo\u017ebe poznatih svjetskih umjetnika koje su realizovane u saradnji sa britanskom i ameri\u010dkom ambasadom u BiH.<\/p>\n\n\n\n<p>U okviru izlo\u017ebe predstavljen je i rad sa inkluzivnim grupama, putem specijalizovane izlo\u017ebe za slijepe i slabovide osobe \u201eProstor, oblik, dodir\u201c, realizovane 2015. godine sa ciljem da se putem specijalno osmi\u0161ljenih programa i savremene muzeolo\u0161ke prezentacije doprinese integrisanju slijepih i slabovidih osoba u kulturni \u017eivot na\u0161e sredine.<\/p>\n\n\n\n<p>Preuzeto sa: <a href=\"https:\/\/www.banjaluka.rs.ba\/izlozba-od-galerije-do-muzeja\/\" target=\"_blank\" rel=\"noreferrer noopener\" aria-label=\"Grad Banja Luka (opens in a new tab)\">Grad Banja Luka<\/a><\/p>\n","protected":false},"excerpt":{"rendered":"<p>Muzej savremene umjetnosti Republike Srpske obilje\u017eava 50 godina postojanja i tim povodom, u ovoj instituciji kulture, u \u010detvrtak \u0107e biti<\/p>\n","protected":false},"author":1,"featured_media":6239,"comment_status":"closed","ping_status":"open","sticky":false,"template":"","format":"standard","meta":{"om_disable_all_campaigns":false,"_monsterinsights_skip_tracking":false,"_monsterinsights_sitenote_active":false,"_monsterinsights_sitenote_note":"","_monsterinsights_sitenote_category":0,"footnotes":""},"categories":[2],"tags":[53,3276,3275],"class_list":["post-6237","post","type-post","status-publish","format-standard","has-post-thumbnail","hentry","category-vijesti","tag-banja-luka","tag-muzej-savremene-umjetnosti","tag-pola-vijeka"],"jetpack_featured_media_url":"https:\/\/www.mladibl.com\/wp-content\/uploads\/2021\/02\/Pola-vijeka-Muzeja-savremene-umjetnosti.jpg","amp_enabled":true,"_links":{"self":[{"href":"https:\/\/www.mladibl.com\/index.php?rest_route=\/wp\/v2\/posts\/6237","targetHints":{"allow":["GET"]}}],"collection":[{"href":"https:\/\/www.mladibl.com\/index.php?rest_route=\/wp\/v2\/posts"}],"about":[{"href":"https:\/\/www.mladibl.com\/index.php?rest_route=\/wp\/v2\/types\/post"}],"author":[{"embeddable":true,"href":"https:\/\/www.mladibl.com\/index.php?rest_route=\/wp\/v2\/users\/1"}],"replies":[{"embeddable":true,"href":"https:\/\/www.mladibl.com\/index.php?rest_route=%2Fwp%2Fv2%2Fcomments&post=6237"}],"version-history":[{"count":1,"href":"https:\/\/www.mladibl.com\/index.php?rest_route=\/wp\/v2\/posts\/6237\/revisions"}],"predecessor-version":[{"id":6240,"href":"https:\/\/www.mladibl.com\/index.php?rest_route=\/wp\/v2\/posts\/6237\/revisions\/6240"}],"wp:featuredmedia":[{"embeddable":true,"href":"https:\/\/www.mladibl.com\/index.php?rest_route=\/wp\/v2\/media\/6239"}],"wp:attachment":[{"href":"https:\/\/www.mladibl.com\/index.php?rest_route=%2Fwp%2Fv2%2Fmedia&parent=6237"}],"wp:term":[{"taxonomy":"category","embeddable":true,"href":"https:\/\/www.mladibl.com\/index.php?rest_route=%2Fwp%2Fv2%2Fcategories&post=6237"},{"taxonomy":"post_tag","embeddable":true,"href":"https:\/\/www.mladibl.com\/index.php?rest_route=%2Fwp%2Fv2%2Ftags&post=6237"}],"curies":[{"name":"wp","href":"https:\/\/api.w.org\/{rel}","templated":true}]}}