{"id":6210,"date":"2021-02-09T10:37:34","date_gmt":"2021-02-09T08:37:34","guid":{"rendered":"http:\/\/www.mladibl.com\/?p=6210"},"modified":"2021-02-09T10:37:36","modified_gmt":"2021-02-09T08:37:36","slug":"otvoreno-pismo-povodom-usvajanja-deklaracije-o-zastiti-rijeka-u-rs","status":"publish","type":"post","link":"https:\/\/www.mladibl.com\/?p=6210","title":{"rendered":"Otvoreno pismo povodom usvajanja Deklaracije o za\u0161titi rijeka u RS"},"content":{"rendered":"\n<p>Povodom prijedloga Deklaracije o za\u0161titi rijeka u Republici Srpskoj koji je upu\u0107en na dnevni red 14. sjednice Narodne skup\u0161tine RS koja \u0107e se odr\u017eati sutra, 9. februara, ispred Koalicije za za\u0161titu rijeka BiH i Eko BiH mre\u017ee uputili smo otvoreno pismo narodnim poslanicima Republike Srpske kojim apelujemo na usvajanje ovog dokumenta.<\/p>\n\n\n\n<p>Kompletno pismo, kao i kontakt za vi\u0161e informacija mo\u017eete prona\u0107i <strong><a href=\"https:\/\/czzs.org\/wp-content\/uploads\/protectedfiles\/Otvoreno-pismo-povodom-usvajanja-Deklaracije-o-zas%CC%8Ctiti-rijeka-u-RS.docx\" target=\"_blank\" rel=\"noreferrer noopener\" aria-label=\"ovdje (opens in a new tab)\">ovdje<\/a><\/strong>.<\/p>\n\n\n\n<p>Preuzeto sa: <a href=\"https:\/\/czzs.org\/otvoreno-pismo-povodom-usvajanja-deklaracije-o-zastiti-rijeka-u-rs\/\" target=\"_blank\" rel=\"noreferrer noopener\" aria-label=\"Centar za \u017eivotnu sredinu (opens in a new tab)\">Centar za \u017eivotnu sredinu<\/a><\/p>\n","protected":false},"excerpt":{"rendered":"<p>Povodom prijedloga Deklaracije o za\u0161titi rijeka u Republici Srpskoj koji je upu\u0107en na dnevni red 14. sjednice Narodne skup\u0161tine RS<\/p>\n","protected":false},"author":1,"featured_media":6211,"comment_status":"closed","ping_status":"open","sticky":false,"template":"","format":"standard","meta":{"om_disable_all_campaigns":false,"_monsterinsights_skip_tracking":false,"_monsterinsights_sitenote_active":false,"_monsterinsights_sitenote_note":"","_monsterinsights_sitenote_category":0,"footnotes":""},"categories":[370],"tags":[2676,3260,3258,130,3259],"class_list":["post-6210","post","type-post","status-publish","format-standard","has-post-thumbnail","hentry","category-ostalo","tag-centar-za-zivotnu-sredinu","tag-deklaracija-o-zastiti-rijeka","tag-otvoreno-pismo","tag-republika-srpska","tag-usvajanje"],"jetpack_featured_media_url":"https:\/\/www.mladibl.com\/wp-content\/uploads\/2021\/02\/Otvoreno-pismo-povodom-usvajanja-Deklaracije-o-za\u0161titi-rijeka-u-RS.jpg","amp_enabled":true,"_links":{"self":[{"href":"https:\/\/www.mladibl.com\/index.php?rest_route=\/wp\/v2\/posts\/6210","targetHints":{"allow":["GET"]}}],"collection":[{"href":"https:\/\/www.mladibl.com\/index.php?rest_route=\/wp\/v2\/posts"}],"about":[{"href":"https:\/\/www.mladibl.com\/index.php?rest_route=\/wp\/v2\/types\/post"}],"author":[{"embeddable":true,"href":"https:\/\/www.mladibl.com\/index.php?rest_route=\/wp\/v2\/users\/1"}],"replies":[{"embeddable":true,"href":"https:\/\/www.mladibl.com\/index.php?rest_route=%2Fwp%2Fv2%2Fcomments&post=6210"}],"version-history":[{"count":1,"href":"https:\/\/www.mladibl.com\/index.php?rest_route=\/wp\/v2\/posts\/6210\/revisions"}],"predecessor-version":[{"id":6212,"href":"https:\/\/www.mladibl.com\/index.php?rest_route=\/wp\/v2\/posts\/6210\/revisions\/6212"}],"wp:featuredmedia":[{"embeddable":true,"href":"https:\/\/www.mladibl.com\/index.php?rest_route=\/wp\/v2\/media\/6211"}],"wp:attachment":[{"href":"https:\/\/www.mladibl.com\/index.php?rest_route=%2Fwp%2Fv2%2Fmedia&parent=6210"}],"wp:term":[{"taxonomy":"category","embeddable":true,"href":"https:\/\/www.mladibl.com\/index.php?rest_route=%2Fwp%2Fv2%2Fcategories&post=6210"},{"taxonomy":"post_tag","embeddable":true,"href":"https:\/\/www.mladibl.com\/index.php?rest_route=%2Fwp%2Fv2%2Ftags&post=6210"}],"curies":[{"name":"wp","href":"https:\/\/api.w.org\/{rel}","templated":true}]}}