{"id":6207,"date":"2021-02-09T10:14:00","date_gmt":"2021-02-09T08:14:00","guid":{"rendered":"http:\/\/www.mladibl.com\/?p=6207"},"modified":"2021-02-09T10:14:02","modified_gmt":"2021-02-09T08:14:02","slug":"nove-teretane-na-otvorenom-u-tri-naselja","status":"publish","type":"post","link":"https:\/\/www.mladibl.com\/?p=6207","title":{"rendered":"Nove teretane na otvorenom u tri naselja"},"content":{"rendered":"\n<p>Mje\u0161tani Prije\u010dana, Borika i Pobr\u0111a dobili su nove teretane na otvorenom. Radovi su uspje\u0161no okon\u010dani ovih dana, i nova mjesta za vje\u017ebanje na otvorenom su dostupna i stanovnicima ovih naselja.<\/p>\n\n\n\n<p>Kako su naveli iz Odjeljenja za obrazovanje, zdravstvo, omladinu i sport kod postavljanja novih sportsko-rekreativnih sadr\u017eaja vodilo se ra\u010duna o tome da budu na lokacijama gdje je primjetna pove\u0107ana frekvencija rekreativaca.<\/p>\n\n\n\n<p>Nove  teretane izgra\u0111ene su u planiranom roku i nalaze se kod podru\u010dne \u0161kole u Prije\u010danima, zatim u Boriku (kod \u201eKajaka\u201c) u neposrednoj blizini ko\u0161arka\u0161kog igrali\u0161ta i na Pobr\u0111u kod crkve.<\/p>\n\n\n\n<p>Na svakoj od teretana postavljeno je po 12 sprava. Posao vrijedan 45.000 KM obavilo je preduze\u0107e \u201eMali\u010devi\u0107\u201c.<\/p>\n\n\n\n<p>Zadnjih nekoliko godina teretane su sagra\u0111ene i u Parku \u201cMladen Stojanovi\u0107\u201d, \u0161etali\u0161tu pored Vrbasa \u2013 izme\u0111u Rebrova\u010dkog i Venecija mosta, na Banj brdu, u naselju Sime Matavulja, na Star\u010devici, u Lazarevu, u krugu sportsko-rekreativnog centra \u201eAkvana\u201c, te u \u010cesmi i Obili\u0107evu.<\/p>\n\n\n\n<p>Preuzeto sa: <a href=\"https:\/\/www.banjaluka.rs.ba\/nove-teretane-u-tri-naselja\/\" target=\"_blank\" rel=\"noreferrer noopener\" aria-label=\"Grad Banja Luka (opens in a new tab)\">Grad Banja Luka<\/a><\/p>\n","protected":false},"excerpt":{"rendered":"<p>Mje\u0161tani Prije\u010dana, Borika i Pobr\u0111a dobili su nove teretane na otvorenom. Radovi su uspje\u0161no okon\u010dani ovih dana, i nova mjesta<\/p>\n","protected":false},"author":1,"featured_media":6208,"comment_status":"closed","ping_status":"open","sticky":false,"template":"","format":"standard","meta":{"om_disable_all_campaigns":false,"_monsterinsights_skip_tracking":false,"_monsterinsights_sitenote_active":false,"_monsterinsights_sitenote_note":"","_monsterinsights_sitenote_category":0,"footnotes":""},"categories":[2],"tags":[53,952,951,3257,953,532],"class_list":["post-6207","post","type-post","status-publish","format-standard","has-post-thumbnail","hentry","category-vijesti","tag-banja-luka","tag-borik","tag-naselja","tag-nove-teretane","tag-pobrde","tag-prijecani"],"jetpack_featured_media_url":"https:\/\/www.mladibl.com\/wp-content\/uploads\/2021\/02\/Nove-teretane-na-otvorenom-u-tri-naselja.jpg","amp_enabled":true,"_links":{"self":[{"href":"https:\/\/www.mladibl.com\/index.php?rest_route=\/wp\/v2\/posts\/6207","targetHints":{"allow":["GET"]}}],"collection":[{"href":"https:\/\/www.mladibl.com\/index.php?rest_route=\/wp\/v2\/posts"}],"about":[{"href":"https:\/\/www.mladibl.com\/index.php?rest_route=\/wp\/v2\/types\/post"}],"author":[{"embeddable":true,"href":"https:\/\/www.mladibl.com\/index.php?rest_route=\/wp\/v2\/users\/1"}],"replies":[{"embeddable":true,"href":"https:\/\/www.mladibl.com\/index.php?rest_route=%2Fwp%2Fv2%2Fcomments&post=6207"}],"version-history":[{"count":1,"href":"https:\/\/www.mladibl.com\/index.php?rest_route=\/wp\/v2\/posts\/6207\/revisions"}],"predecessor-version":[{"id":6209,"href":"https:\/\/www.mladibl.com\/index.php?rest_route=\/wp\/v2\/posts\/6207\/revisions\/6209"}],"wp:featuredmedia":[{"embeddable":true,"href":"https:\/\/www.mladibl.com\/index.php?rest_route=\/wp\/v2\/media\/6208"}],"wp:attachment":[{"href":"https:\/\/www.mladibl.com\/index.php?rest_route=%2Fwp%2Fv2%2Fmedia&parent=6207"}],"wp:term":[{"taxonomy":"category","embeddable":true,"href":"https:\/\/www.mladibl.com\/index.php?rest_route=%2Fwp%2Fv2%2Fcategories&post=6207"},{"taxonomy":"post_tag","embeddable":true,"href":"https:\/\/www.mladibl.com\/index.php?rest_route=%2Fwp%2Fv2%2Ftags&post=6207"}],"curies":[{"name":"wp","href":"https:\/\/api.w.org\/{rel}","templated":true}]}}