{"id":6177,"date":"2021-02-08T10:07:41","date_gmt":"2021-02-08T08:07:41","guid":{"rendered":"http:\/\/www.mladibl.com\/?p=6177"},"modified":"2021-02-08T10:08:03","modified_gmt":"2021-02-08T08:08:03","slug":"trening-digitalne-i-integrisane-bezbjednosti","status":"publish","type":"post","link":"https:\/\/www.mladibl.com\/?p=6177","title":{"rendered":"Trening digitalne i integrisane bezbjednosti"},"content":{"rendered":"\n<p>Alternativni centar za devojke iz Kru\u0161evca uz podr\u0161ku Trag fondacija vas poziva na online trening digitalne i integrisane bezbednosti koji \u0107e biti odr\u017ean od 23. do 26. februara 2021. godine.<\/p>\n\n\n\n<p>Zbog specifi\u010dnih okolnosti koje je izazvala pandemija Covid-19 virusa i \u010dinjenice da se veliki deo na\u0161ih svakodnevnih aktivnosti zbog ove situacije iz fizi\u010dkog prostora preneo u online prostor, smatramo da je trening posve\u0107en pitanjima digitalne i integrisane bezbednosti izuzetno va\u017ean, pre svega kao poku\u0161aj da se odgovori na novonastale potrebe aktivistkinja u regionu koje se u svom radu suo\u010davaju sa brojnim izazovima.<\/p>\n\n\n\n<p>Na osnovu rezultata projekta \u201cEnd online violence \u2013 sustain movement\u201d, koji se tre\u0107u godinu za redom sprovodi putem razli\u010ditih aktivnosti (istra\u017eivanja, mapiranja izazova u digitalnom prostoru, treninga i dr.), uo\u010dile smo da je rodno zasnovano digitalno nasilje u konstantnom porastu, da dobija na intenzitetu i brutalnosti i da su naj\u010de\u0161\u0107a meta upravo \u017eene, posebno one koje deluju u javnom prostoru, aktivistkinje.<\/p>\n\n\n\n<p>Zbog ovoga je izuzetno va\u017eno da zajedno razmi\u0161ljamo o rizicima koji se ti\u010du bezbednosti pri upotrebi informaciono-komunikacionih tehnologija, kao i o pitanjima za\u0161tite privatnosti, kako li\u010dne tako i zajednice sa kojom radimo.<\/p>\n\n\n\n<p>Trening digitalne i integrisane bezbednosti \u0107e u\u010desnicama omogu\u0107iti da se upoznaju sa razli\u010ditim aspektima bezbednosti i privatnosti u digitalnom prostoru, informacije o alatima koje mo\u017eemo koristiti kako bi umanjile rizike, kao i savete i preporuke kako delovati u situacijama rodno zasnovanog digitalnog nasilja bilo da se de\u0161ava nama ili korisnicama na\u0161ih usluga.<\/p>\n\n\n\n<p>Svesne toga da se li\u010dno i aktivisti\u010dko u mnogo \u010demu prepli\u0107u, a kako bi se prevenirao burn-out aktivistkinja, trening je zami\u0161ljen kao prostor u okviru koga \u0107emo zajedno promi\u0161ljati razli\u010dite strategije za suo\u010davanje sa rodno zasnovanim digitalnim nasiljem, ali kao prostor razmene iskustava o tome kako upravljati stresom, kako \u201cpre\u017eiveti\u201d nasilje, kako izgraditi otpornost i za\u0161titi sebe u psiholo\u0161kom smislu, kako izgraditi i koristiti mre\u017ee podr\u0161ke.<\/p>\n\n\n\n<p>Ako si:<\/p>\n\n\n\n<ul class=\"wp-block-list\"><li>Braniteljka ljudskih prava<\/li><li>Novinarka\/blogerka<\/li><li>Dolazi\u0161 iz Srbije, Bosne i Hercegovine, Hrvatske ili Crne Gore<\/li><li>Zainteresovana da zna\u0161 vi\u0161e o digitalnoj i integrisanoj bezbednosti<\/li><\/ul>\n\n\n\n<p>Ako su odgovori na sva pitanja DA, prijavi se, budi deo pokreta!<\/p>\n\n\n\n<p>Prijava na slede\u0107em linku: <strong><a href=\"https:\/\/www.surveymonkey.com\/r\/XLHY26L\" target=\"_blank\" rel=\"noreferrer noopener\" aria-label=\"https:\/\/www.surveymonkey.com\/r\/XLHY26L (opens in a new tab)\">https:\/\/www.surveymonkey.com\/r\/XLHY26L<\/a><\/strong><\/p>\n\n\n\n<p>Rok za prijavu je 10. februar 2021.<\/p>\n\n\n\n<p>Samo izabrane kandidatkinje bi\u0107e obave\u0161tene putem emaila\/telefona najkasnije do 12. februara 2021.<\/p>\n\n\n\n<p>Za sva dodatna pitanja mo\u017eete nam se obratiti putem emaila: <strong><a href=\"mailto:budipokret@protonmail.com\" target=\"_blank\" rel=\"noreferrer noopener\" aria-label=\"budipokret@protonmail.com (opens in a new tab)\">budipokret@protonmail.com<\/a><\/strong><\/p>\n\n\n\n<p>Preuzeto sa: <a href=\"https:\/\/www.hocu.ba\/indexphp\/hocupriliku\/poziv-za-ucesce-na-treningu-digitalne-i-integrisane-bezbjednosti-4\/\" target=\"_blank\" rel=\"noreferrer noopener\" aria-label=\"hocu.ba (opens in a new tab)\">hocu.ba<\/a><\/p>\n","protected":false},"excerpt":{"rendered":"<p>Alternativni centar za devojke iz Kru\u0161evca uz podr\u0161ku Trag fondacija vas poziva na online trening digitalne i integrisane bezbednosti koji<\/p>\n","protected":false},"author":1,"featured_media":6178,"comment_status":"closed","ping_status":"open","sticky":false,"template":"","format":"standard","meta":{"om_disable_all_campaigns":false,"_monsterinsights_skip_tracking":false,"_monsterinsights_sitenote_active":false,"_monsterinsights_sitenote_note":"","_monsterinsights_sitenote_category":0,"footnotes":""},"categories":[4],"tags":[3241,3242,220],"class_list":["post-6177","post","type-post","status-publish","format-standard","has-post-thumbnail","hentry","category-edukacija","tag-digitalna-bezbjednost","tag-integrisana-bezbjednost","tag-trening"],"jetpack_featured_media_url":"https:\/\/www.mladibl.com\/wp-content\/uploads\/2021\/02\/Trening-digitalne-i-integrisane-bezbjednosti.jpg","amp_enabled":true,"_links":{"self":[{"href":"https:\/\/www.mladibl.com\/index.php?rest_route=\/wp\/v2\/posts\/6177","targetHints":{"allow":["GET"]}}],"collection":[{"href":"https:\/\/www.mladibl.com\/index.php?rest_route=\/wp\/v2\/posts"}],"about":[{"href":"https:\/\/www.mladibl.com\/index.php?rest_route=\/wp\/v2\/types\/post"}],"author":[{"embeddable":true,"href":"https:\/\/www.mladibl.com\/index.php?rest_route=\/wp\/v2\/users\/1"}],"replies":[{"embeddable":true,"href":"https:\/\/www.mladibl.com\/index.php?rest_route=%2Fwp%2Fv2%2Fcomments&post=6177"}],"version-history":[{"count":2,"href":"https:\/\/www.mladibl.com\/index.php?rest_route=\/wp\/v2\/posts\/6177\/revisions"}],"predecessor-version":[{"id":6180,"href":"https:\/\/www.mladibl.com\/index.php?rest_route=\/wp\/v2\/posts\/6177\/revisions\/6180"}],"wp:featuredmedia":[{"embeddable":true,"href":"https:\/\/www.mladibl.com\/index.php?rest_route=\/wp\/v2\/media\/6178"}],"wp:attachment":[{"href":"https:\/\/www.mladibl.com\/index.php?rest_route=%2Fwp%2Fv2%2Fmedia&parent=6177"}],"wp:term":[{"taxonomy":"category","embeddable":true,"href":"https:\/\/www.mladibl.com\/index.php?rest_route=%2Fwp%2Fv2%2Fcategories&post=6177"},{"taxonomy":"post_tag","embeddable":true,"href":"https:\/\/www.mladibl.com\/index.php?rest_route=%2Fwp%2Fv2%2Ftags&post=6177"}],"curies":[{"name":"wp","href":"https:\/\/api.w.org\/{rel}","templated":true}]}}