{"id":6174,"date":"2021-02-08T10:03:55","date_gmt":"2021-02-08T08:03:55","guid":{"rendered":"http:\/\/www.mladibl.com\/?p=6174"},"modified":"2021-02-08T10:03:57","modified_gmt":"2021-02-08T08:03:57","slug":"poceo-treci-krug-obuka-za-pokretanje-prvog-posla-u-oblasti-it-a","status":"publish","type":"post","link":"https:\/\/www.mladibl.com\/?p=6174","title":{"rendered":"Po\u010deo tre\u0107i krug obuka za pokretanje prvog posla u oblasti IT-a"},"content":{"rendered":"\n<p>Po\u010deo je tre\u0107i krug obuka u okviru projekta \u201cPodr\u0161ka za pokretanje startapa iz oblasti IT-a\u201d koji finansira Evropska Unija, saop\u0161teno je iz Gradske razvojne agencije.<\/p>\n\n\n\n<p>-U tre\u0107em, posljednjem krugu, obuku \u0107e pro\u0107i 30 kandadata po SIYB (pokreni i unaprijedi svoje poslovanje) metodologiji, trenutno najve\u0107em globalnom programu obuke iz menad\u017ementa koji poma\u017ee preduzetnicima da pokrenu i razviju posao. Kandidati \u0107e na obuci sa trenerima razraditi svoje poslovne ideje, dok \u0107e oni najbolje ocijenjeni biti finansijski podr\u017eani bespovratnim sredstvima i mentorskom podr\u0161kom \u2013 ka\u017eu u Gradskoj razvojnoj agenciji.<\/p>\n\n\n\n<p>Napominju da se obuka odr\u017eava na daljinu uz pomo\u0107 digitalnih alata, u skladu sa trenutnom epidemiolo\u0161kom situacijom.<\/p>\n\n\n\n<p>Projekat \u201cPodr\u0161ka za pokretanje startapa iz oblasti IT-a\u201d podr\u017eava pokretanje novih firmi za lica mla\u0111a od 35 godina u oblasti informacionih tehnologija (oblasti digitalizacije, kreativnih industrija i digitalnog marketinga).<\/p>\n\n\n\n<p>Ovaj projekat \u0107e, u skladu sa metodologijom Me\u0111unarodne organizacije rada (MOR) \u201eZapo\u010dni i unaprijedi svoj posao\u201c oja\u010dati kapacitete ukupno 100 osoba mla\u0111ih od 35 godina, kroz mentorstvo procesa osnivanja preduze\u0107a, a 20 odabranih dobi\u0107e i finansijsku podr\u0161ku u ukupnoj vrijednosti od 110.000 evra.<\/p>\n\n\n\n<p>Projekat sprovodi Gradska razvojna agencija Banja Luka u partnerstvu sa Gradskom upravom, Inovacionim centrom Banja Luka \u2013 ICBL, Zavodom za zapo\u0161ljavanje RS \u2013 Filijala Banja Luka, Elektrotehni\u010dkim fakultetom, te firmama \u201eBlok projekt\u201d, \u201eAd Lab\u201c, \u201eMedia Lab\u201d, \u201eTelegrup\u201c i udru\u017eenjima \u201eBit alijansa\u201c i Klub poslovnih \u017eena Republike Srpske.<\/p>\n\n\n\n<p>Ovo lokalno partnerstvo je jedno od pet partnerstava za zapo\u0161ljavanje kreiranih u okviru projekta \u201eEU4Business \u2013 za konkurentnu i inovativnu doma\u0107u ekonomiju\u201c, koga finansira EU u BiH, a realizuju GIZ, UNDP i MOR.<\/p>\n\n\n\n<p>Preuzeto sa: <a href=\"https:\/\/www.banjaluka.rs.ba\/cidea-treci-krug-obuka\/\" target=\"_blank\" rel=\"noreferrer noopener\" aria-label=\"Grad Banja Luka (opens in a new tab)\">Grad Banja Luka<\/a><\/p>\n","protected":false},"excerpt":{"rendered":"<p>Po\u010deo je tre\u0107i krug obuka u okviru projekta \u201cPodr\u0161ka za pokretanje startapa iz oblasti IT-a\u201d koji finansira Evropska Unija, saop\u0161teno<\/p>\n","protected":false},"author":1,"featured_media":6175,"comment_status":"closed","ping_status":"open","sticky":false,"template":"","format":"standard","meta":{"om_disable_all_campaigns":false,"_monsterinsights_skip_tracking":false,"_monsterinsights_sitenote_active":false,"_monsterinsights_sitenote_note":"","_monsterinsights_sitenote_category":0,"footnotes":""},"categories":[2],"tags":[343,342,325,1272,3240,3239],"class_list":["post-6174","post","type-post","status-publish","format-standard","has-post-thumbnail","hentry","category-vijesti","tag-cidea","tag-it","tag-obuka","tag-pokretanje","tag-prvi-posao","tag-treci-krug"],"jetpack_featured_media_url":"https:\/\/www.mladibl.com\/wp-content\/uploads\/2021\/02\/CIDEA.jpg","amp_enabled":true,"_links":{"self":[{"href":"https:\/\/www.mladibl.com\/index.php?rest_route=\/wp\/v2\/posts\/6174","targetHints":{"allow":["GET"]}}],"collection":[{"href":"https:\/\/www.mladibl.com\/index.php?rest_route=\/wp\/v2\/posts"}],"about":[{"href":"https:\/\/www.mladibl.com\/index.php?rest_route=\/wp\/v2\/types\/post"}],"author":[{"embeddable":true,"href":"https:\/\/www.mladibl.com\/index.php?rest_route=\/wp\/v2\/users\/1"}],"replies":[{"embeddable":true,"href":"https:\/\/www.mladibl.com\/index.php?rest_route=%2Fwp%2Fv2%2Fcomments&post=6174"}],"version-history":[{"count":1,"href":"https:\/\/www.mladibl.com\/index.php?rest_route=\/wp\/v2\/posts\/6174\/revisions"}],"predecessor-version":[{"id":6176,"href":"https:\/\/www.mladibl.com\/index.php?rest_route=\/wp\/v2\/posts\/6174\/revisions\/6176"}],"wp:featuredmedia":[{"embeddable":true,"href":"https:\/\/www.mladibl.com\/index.php?rest_route=\/wp\/v2\/media\/6175"}],"wp:attachment":[{"href":"https:\/\/www.mladibl.com\/index.php?rest_route=%2Fwp%2Fv2%2Fmedia&parent=6174"}],"wp:term":[{"taxonomy":"category","embeddable":true,"href":"https:\/\/www.mladibl.com\/index.php?rest_route=%2Fwp%2Fv2%2Fcategories&post=6174"},{"taxonomy":"post_tag","embeddable":true,"href":"https:\/\/www.mladibl.com\/index.php?rest_route=%2Fwp%2Fv2%2Ftags&post=6174"}],"curies":[{"name":"wp","href":"https:\/\/api.w.org\/{rel}","templated":true}]}}