{"id":6104,"date":"2021-02-04T10:05:13","date_gmt":"2021-02-04T08:05:13","guid":{"rendered":"http:\/\/www.mladibl.com\/?p=6104"},"modified":"2021-02-04T10:05:16","modified_gmt":"2021-02-04T08:05:16","slug":"konferencija-o-volontiranju-i-solidarnosti","status":"publish","type":"post","link":"https:\/\/www.mladibl.com\/?p=6104","title":{"rendered":"Konferencija o volontiranju i solidarnosti"},"content":{"rendered":"\n<p>Me\u0111unarodna konferencija za promociju \u0161irih i sistemskih socijalnih i ekonomskih dimenzija i uticaja volontiranja i aktivnosti solidarnosti u urbanim sredinama odr\u017ea\u0107e se od 18. do 21. maja 2021 u Ljubljani.<\/p>\n\n\n\n<p>OBLAST: Volonterizam, solidarnost<\/p>\n\n\n\n<p>OPIS: Konferencija c\u0301e okupiti predstavnike op\u0161tina i organizacija za promociju projekata volontiranja i solidarnosti kao alata za podr\u0161ku solidarnosti na djelu. Ovu aktivnost pokrenuli su grad Ljubljana i Slovenska Filantropija, jedna od najvec\u0301ih volonterskih organizacija u Sloveniji, a zatim je pro\u0161irena i usagla\u0161ena u saradnji sa slovena\u010dkom NA i Resursnim centrom Evropskog korpusa solidarnosti.<\/p>\n\n\n\n<p>Gradovi i op\u0161tine poku\u0161avaju da podr\u017ee solidarnost svojih stanovnika kako bi unaprijedili socijalnu koheziju. Ova me\u0111usektorska saradnja je raznovrsna i svaka zajednica je razvila svoj na\u010din adresiranja potreba stanovnika. Cilj konferencije je da istra\u017ei postojec\u0301e prakse me\u0111usektorske saradnje u gradovima i podstakne njihovu nadogradnju.<\/p>\n\n\n\n<p>Ciljevi konferencije:<\/p>\n\n\n\n<ul class=\"wp-block-list\"><li>Da nadahne gradove da se uklju\u010de u me\u0111usektorsku saradnju radi podr\u0161ke solidarnosti i socijalnoj koheziji<\/li><li>Obezbijediti prostor za izlaganje i u\u010denje iz primera dobre prakse me\u0111usektorskih projekata koji podr\u017eavaju solidarnost i unapre\u0111uju socijalnu koheziju<\/li><li>Utvrditi elemente pristupa anga\u017eovanja gradova za podr\u0161ku volontiranju i aktivnostima solidarnosti<\/li><li>Predstaviti sve akcije Evropskog korpusa solidarnosti i moguc\u0301u podr\u0161ku<\/li><li>Izgraditi partnerstva za buduc\u0301e projekte i druge oblike saradnje i umre\u017eavanja izme\u0111u organizacija i gradova koji u\u010destvuju.<\/li><\/ul>\n\n\n\n<p>USLOVI: Organizatori \u017eele da delegacije gradova i op\u0161tina koje se sastoje od 3 \u010dlana (predstavnik op\u0161tine, predstavnik lokalne volonterske organizacije i predstavnik preduzec\u0301a uklju\u010denih u dru\u0161tveno odgovorno poslovanje) prisustvuju konferenciji.<\/p>\n\n\n\n<p>Svaki od u\u010desnika treba da se prijavi odvojeno. Tako\u0111e ste pozvani da se prijavite kao pojedinac koji predstavlja jednu od gore pomenutih organizacija.<\/p>\n\n\n\n<p>Preporu\u010duje se za: omladinske radnike, menad\u017eere omladinskih projekata, kreatore omladinske politike, op\u0161tinsko osoblje, predstavnike preduzec\u0301a uklju\u010denih u dru\u0161tveno odgovorno poslovanje i predstavnike volonterskih organizacija i pokreta.<\/p>\n\n\n\n<p>NA\u010cIN PRIJAVE: Za prijavu prvo morate napraviti nalog, zatim popunite aplikacionu formu sa linka: <strong><a href=\"https:\/\/www.salto-youth.net\/mysalto\/login\" target=\"_blank\" rel=\"noreferrer noopener\" aria-label=\"https:\/\/www.salto-youth.net\/mysalto\/login (opens in a new tab)\">https:\/\/www.salto-youth.net\/mysalto\/login<\/a><\/strong><\/p>\n\n\n\n<p>ROK ZA PRIJAVU: 10. mart 2021.<\/p>\n\n\n\n<p>Detaljnije: <strong><a href=\"http:\/\/trainings.salto-youth.net\/8668\" target=\"_blank\" rel=\"noreferrer noopener\" aria-label=\"http:\/\/trainings.salto-youth.net\/8668 (opens in a new tab)\">http:\/\/trainings.salto-youth.net\/8668<\/a><\/strong><\/p>\n\n\n\n<p>Preuzeto sa: <a href=\"https:\/\/mladiinfo.me\/prijavite-se-za-konferenciju-o-volontiranju-i-solidarnosti\/\" target=\"_blank\" rel=\"noreferrer noopener\" aria-label=\"mladiinfo.me (opens in a new tab)\">mladiinfo.me<\/a><\/p>\n","protected":false},"excerpt":{"rendered":"<p>Me\u0111unarodna konferencija za promociju \u0161irih i sistemskih socijalnih i ekonomskih dimenzija i uticaja volontiranja i aktivnosti solidarnosti u urbanim sredinama<\/p>\n","protected":false},"author":1,"featured_media":6105,"comment_status":"closed","ping_status":"open","sticky":false,"template":"","format":"standard","meta":{"om_disable_all_campaigns":false,"_monsterinsights_skip_tracking":false,"_monsterinsights_sitenote_active":false,"_monsterinsights_sitenote_note":"","_monsterinsights_sitenote_category":0,"footnotes":""},"categories":[6],"tags":[184,3201,219,194,2702,108],"class_list":["post-6104","post","type-post","status-publish","format-standard","has-post-thumbnail","hentry","category-dogadjaji","tag-konferencija","tag-ljubljana","tag-salto","tag-slovenija","tag-solidarnost","tag-volontiranje"],"jetpack_featured_media_url":"https:\/\/www.mladibl.com\/wp-content\/uploads\/2021\/02\/Konferencija-o-volontiranju-i-solidarnosti.jpg","amp_enabled":true,"_links":{"self":[{"href":"https:\/\/www.mladibl.com\/index.php?rest_route=\/wp\/v2\/posts\/6104","targetHints":{"allow":["GET"]}}],"collection":[{"href":"https:\/\/www.mladibl.com\/index.php?rest_route=\/wp\/v2\/posts"}],"about":[{"href":"https:\/\/www.mladibl.com\/index.php?rest_route=\/wp\/v2\/types\/post"}],"author":[{"embeddable":true,"href":"https:\/\/www.mladibl.com\/index.php?rest_route=\/wp\/v2\/users\/1"}],"replies":[{"embeddable":true,"href":"https:\/\/www.mladibl.com\/index.php?rest_route=%2Fwp%2Fv2%2Fcomments&post=6104"}],"version-history":[{"count":1,"href":"https:\/\/www.mladibl.com\/index.php?rest_route=\/wp\/v2\/posts\/6104\/revisions"}],"predecessor-version":[{"id":6106,"href":"https:\/\/www.mladibl.com\/index.php?rest_route=\/wp\/v2\/posts\/6104\/revisions\/6106"}],"wp:featuredmedia":[{"embeddable":true,"href":"https:\/\/www.mladibl.com\/index.php?rest_route=\/wp\/v2\/media\/6105"}],"wp:attachment":[{"href":"https:\/\/www.mladibl.com\/index.php?rest_route=%2Fwp%2Fv2%2Fmedia&parent=6104"}],"wp:term":[{"taxonomy":"category","embeddable":true,"href":"https:\/\/www.mladibl.com\/index.php?rest_route=%2Fwp%2Fv2%2Fcategories&post=6104"},{"taxonomy":"post_tag","embeddable":true,"href":"https:\/\/www.mladibl.com\/index.php?rest_route=%2Fwp%2Fv2%2Ftags&post=6104"}],"curies":[{"name":"wp","href":"https:\/\/api.w.org\/{rel}","templated":true}]}}