{"id":61,"date":"2019-10-03T15:18:01","date_gmt":"2019-10-03T13:18:01","guid":{"rendered":"http:\/\/www.mladibl.com\/?p=61"},"modified":"2020-01-11T14:11:42","modified_gmt":"2020-01-11T12:11:42","slug":"radionica-uvod-u-odnose-sa-javnoscu","status":"publish","type":"post","link":"https:\/\/www.mladibl.com\/?p=61","title":{"rendered":"Radionica: Uvod u odnose sa javno\u0161\u0107u"},"content":{"rendered":"\n<p>Savremeno poslovanje, ali i bilo koji drugi vid aktivizma i rada je nezamisliv bez dobro isplaniranih i kvalitetno odra\u0111enih odnosa s javno\u0161\u0107u. Na&nbsp;<strong>jednodnevnoj radionici \u201cUvod u odnose s javno\u0161\u0107u\u201d, koja \u0107e se odr\u017eati od 9.30 do 17 \u010dasova u petak, 11. oktobra 2019. godine u Domu omladine Banja Luka<\/strong>, polaznici \u0107e biti upoznati sa sljede\u0107im oblastima:<\/p>\n\n\n\n<ul class=\"wp-block-list\"><li>\u0160ta su odnosi s javno\u0161\u0107u<\/li><li>Uloga i su\u0161tina odnosa s javno\u0161\u0107u<\/li><li>Ciljevi, taktike i metode PR-a<\/li><li>Vje\u0161tine i znanja dobrog PR managera<\/li><li>Odnosi s javno\u0161\u0107u kao funkcija menad\u017ementa<\/li><li>Oblasti odnosa s javno\u0161\u0107u<\/li><\/ul>\n\n\n\n<p>Predava\u010d je Vesna Ra\u010di\u0107, PR manager, sa 20-ogodi\u0161njim iskustvom u praksi. Na studijima odnosa s javno\u0161\u0107u profesori su joj bili vrhunski predava\u010di iz zemlje i inostranstva, a sa njima i danas sara\u0111uje na mnogim projektima koje radi. Uradila je veliki broj strate\u0161kih planova odnosa s javno\u0161\u0107u, radila na PR kampanjama, organizovala manifestacije, te organizovala veliki broj seminara iz oblasti marketinga i PR-a, a 2010. je pokrenula svoju agenciju za odnose s javno\u0161\u0107u. Vodila je i ve\u0107i broj radionica. Vremenom, shvataju\u0107i da \u017eene nisu ba\u0161 zastupljene na adekvatan na\u010din u medijima, pokrenula je i emisiju \u201c\u017denski kutak\u201d, koja se bavi promocijom uspje\u0161nih \u017eena, a do sada je snimljeno i izemitovano preko 300 emisija.<\/p>\n\n\n\n<p>Radionica je namijenjena svima koji \u017eele usavr\u0161iti svoje znanje i vi\u0161e zakora\u010diti u oblast odnosa sa javno\u0161\u0107u.<\/p>\n\n\n\n<p>Za u\u010desnike je obezbije\u0111en radni materijal, osvje\u017eenje i hrana tokom obuke. Organizator ne snosi tro\u0161kove smje\u0161taja i puta.<\/p>\n\n\n\n<p>Ukoliko ste zainteresovani za u\u010de\u0161\u0107e na ovoj radionici, molimo Vas da se prijavite putem online forme najkasnije do 9. oktobra 2019. godine na&nbsp;<a href=\"https:\/\/forms.gle\/bvExRew4kkk37YbKA\" target=\"_blank\" rel=\"noreferrer noopener\">https:\/\/forms.gle\/bvExRew4kkk37YbKA<\/a><\/p>\n\n\n\n<p>Broj mjesta je ograni\u010den. Ukoliko broj u\u010desnika bude ve\u0107i od planiranog, CEREBRA \u0107e organizovati i novu radionicu u novom terminu.<\/p>\n\n\n\n<p>Odabrani u\u010desnici \u0107e biti obavije\u0161teni o u\u010de\u0161\u0107u putem e-maila.<\/p>\n\n\n\n<p>Po zavr\u0161etku obuke, u\u010desnici dobijaju certifikate o poha\u0111anju radionice.<\/p>\n\n\n\n<p>Za sve dodatne informacije stojimo Vam na raspolaganju putem email adrese:&nbsp;<a href=\"mailto:ik.cerebra@gmail.com\" target=\"_blank\" rel=\"noreferrer noopener\">ik.cerebra@gmail.com<\/a><\/p>\n","protected":false},"excerpt":{"rendered":"<p>Savremeno poslovanje, ali i bilo koji drugi vid aktivizma i rada je nezamisliv bez dobro isplaniranih i kvalitetno odra\u0111enih odnosa<\/p>\n","protected":false},"author":1,"featured_media":0,"comment_status":"closed","ping_status":"open","sticky":false,"template":"","format":"standard","meta":{"om_disable_all_campaigns":false,"_monsterinsights_skip_tracking":false,"_monsterinsights_sitenote_active":false,"_monsterinsights_sitenote_note":"","_monsterinsights_sitenote_category":0,"footnotes":""},"categories":[4],"tags":[21,25,26,24,23],"class_list":["post-61","post","type-post","status-publish","format-standard","hentry","category-edukacija","tag-dom-omladine","tag-edukacija","tag-neformalno-obrazovanje","tag-odnosi-sa-javnoscu","tag-radionica"],"jetpack_featured_media_url":"","amp_enabled":true,"_links":{"self":[{"href":"https:\/\/www.mladibl.com\/index.php?rest_route=\/wp\/v2\/posts\/61","targetHints":{"allow":["GET"]}}],"collection":[{"href":"https:\/\/www.mladibl.com\/index.php?rest_route=\/wp\/v2\/posts"}],"about":[{"href":"https:\/\/www.mladibl.com\/index.php?rest_route=\/wp\/v2\/types\/post"}],"author":[{"embeddable":true,"href":"https:\/\/www.mladibl.com\/index.php?rest_route=\/wp\/v2\/users\/1"}],"replies":[{"embeddable":true,"href":"https:\/\/www.mladibl.com\/index.php?rest_route=%2Fwp%2Fv2%2Fcomments&post=61"}],"version-history":[{"count":1,"href":"https:\/\/www.mladibl.com\/index.php?rest_route=\/wp\/v2\/posts\/61\/revisions"}],"predecessor-version":[{"id":63,"href":"https:\/\/www.mladibl.com\/index.php?rest_route=\/wp\/v2\/posts\/61\/revisions\/63"}],"wp:attachment":[{"href":"https:\/\/www.mladibl.com\/index.php?rest_route=%2Fwp%2Fv2%2Fmedia&parent=61"}],"wp:term":[{"taxonomy":"category","embeddable":true,"href":"https:\/\/www.mladibl.com\/index.php?rest_route=%2Fwp%2Fv2%2Fcategories&post=61"},{"taxonomy":"post_tag","embeddable":true,"href":"https:\/\/www.mladibl.com\/index.php?rest_route=%2Fwp%2Fv2%2Ftags&post=61"}],"curies":[{"name":"wp","href":"https:\/\/api.w.org\/{rel}","templated":true}]}}